{"id":71277,"date":"2026-04-28T09:44:30","date_gmt":"2026-04-28T15:44:30","guid":{"rendered":"https:\/\/labestiapolitica.com.mx\/?p=71277"},"modified":"2026-04-28T09:48:51","modified_gmt":"2026-04-28T15:48:51","slug":"padres-encabezaran-revision-de-mochilas-en-escuelas-de-tlaxcala-bajo-nuevo-protocolo","status":"publish","type":"post","link":"https:\/\/labestiapolitica.com.mx\/?p=71277","title":{"rendered":"Padres encabezar\u00e1n revisi\u00f3n de mochilas en escuelas de Tlaxcala bajo nuevo protocolo"},"content":{"rendered":"<p style=\"text-align: justify;\">Mariana LOVERA \/\/ En Tlaxcala entrar\u00e1 en vigor un nuevo esquema para la revisi\u00f3n de mochilas escolares, en el que madres, padres y tutores asumir\u00e1n directamente la supervisi\u00f3n del contenido de los \u00fatiles de estudiantes. La medida forma parte del Protocolo de Revisi\u00f3n de \u00datiles Escolares impulsado por la Secretar\u00eda de Educaci\u00f3n P\u00fablica del Estado y la SEPE-USET, y ser\u00e1 aplicada en planteles de nivel b\u00e1sico y medio superior, tanto p\u00fablicos como privados.<\/p>\n<p style=\"text-align: justify;\">El modelo establece que las inspecciones estar\u00e1n a cargo de comit\u00e9s integrados exclusivamente por padres de familia, dejando fuera de esta tarea a docentes y corporaciones de seguridad. Con ello, se busca fortalecer la corresponsabilidad entre familias y escuelas en la prevenci\u00f3n de riesgos.<\/p>\n<p style=\"text-align: justify;\">El procedimiento contempla la participaci\u00f3n voluntaria y el respeto a los derechos de los estudiantes. En ese sentido, ser\u00e1n los propios alumnos quienes muestren el contenido de sus mochilas, evitando revisiones invasivas y priorizando la privacidad.<\/p>\n<p style=\"text-align: justify;\">En caso de que alg\u00fan estudiante se niegue a la revisi\u00f3n, su mochila ser\u00e1 clasificada como \u201cde riesgo\u201d, lo que activar\u00e1 un protocolo adicional para descartar la presencia de objetos que puedan representar un peligro para la comunidad escolar.<\/p>\n<p style=\"text-align: justify;\">Las autoridades precisaron que la inspecci\u00f3n se enfocar\u00e1 \u00fanicamente en la detecci\u00f3n de armas o sustancias prohibidas. Art\u00edculos de uso cotidiano que no representen un riesgo, como tel\u00e9fonos m\u00f3viles, juguetes o productos de higiene personal, no ser\u00e1n retirados.<\/p>\n<p style=\"text-align: justify;\">Este esquema cuenta con el respaldo de la Comisi\u00f3n Estatal de Derechos Humanos de Tlaxcala, y tiene como objetivo principal promover entornos escolares seguros, as\u00ed como fomentar una cultura de paz entre la comunidad educativa.<\/p>\n<p>Consulta el protocolo aqu\u00ed:<\/p>\n<p><a href=\"https:\/\/drive.google.com\/file\/d\/1zblFfLGtzfVIlVz-Kt18NTI5BtD0zbgL\/view?usp=drivesdk\">https:\/\/drive.google.com\/file\/d\/1zblFfLGtzfVIlVz-Kt18NTI5BtD0zbgL\/view?usp=drivesdk<\/a><\/p>\n","protected":false},"excerpt":{"rendered":"<p>Mariana LOVERA \/\/ En Tlaxcala entrar\u00e1 en vigor un nuevo esquema para la revisi\u00f3n de mochilas escolares, en el que madres, padres y tutores asumir\u00e1n directamente la supervisi\u00f3n del contenido de los \u00fatiles de estudiantes. La medida forma parte del Protocolo de Revisi\u00f3n de \u00datiles Escolares impulsado por la Secretar\u00eda de Educaci\u00f3n P\u00fablica del Estado [&hellip;]<\/p>\n","protected":false},"author":6,"featured_media":71278,"comment_status":"open","ping_status":"open","sticky":false,"template":"","format":"standard","meta":{"footnotes":""},"categories":[3,213],"tags":[],"class_list":["post-71277","post","type-post","status-publish","format-standard","has-post-thumbnail","hentry","category-8-columnas","category-educacion"],"amp_enabled":true,"_links":{"self":[{"href":"https:\/\/labestiapolitica.com.mx\/index.php?rest_route=\/wp\/v2\/posts\/71277","targetHints":{"allow":["GET"]}}],"collection":[{"href":"https:\/\/labestiapolitica.com.mx\/index.php?rest_route=\/wp\/v2\/posts"}],"about":[{"href":"https:\/\/labestiapolitica.com.mx\/index.php?rest_route=\/wp\/v2\/types\/post"}],"author":[{"embeddable":true,"href":"https:\/\/labestiapolitica.com.mx\/index.php?rest_route=\/wp\/v2\/users\/6"}],"replies":[{"embeddable":true,"href":"https:\/\/labestiapolitica.com.mx\/index.php?rest_route=%2Fwp%2Fv2%2Fcomments&post=71277"}],"version-history":[{"count":1,"href":"https:\/\/labestiapolitica.com.mx\/index.php?rest_route=\/wp\/v2\/posts\/71277\/revisions"}],"predecessor-version":[{"id":71279,"href":"https:\/\/labestiapolitica.com.mx\/index.php?rest_route=\/wp\/v2\/posts\/71277\/revisions\/71279"}],"wp:featuredmedia":[{"embeddable":true,"href":"https:\/\/labestiapolitica.com.mx\/index.php?rest_route=\/wp\/v2\/media\/71278"}],"wp:attachment":[{"href":"https:\/\/labestiapolitica.com.mx\/index.php?rest_route=%2Fwp%2Fv2%2Fmedia&parent=71277"}],"wp:term":[{"taxonomy":"category","embeddable":true,"href":"https:\/\/labestiapolitica.com.mx\/index.php?rest_route=%2Fwp%2Fv2%2Fcategories&post=71277"},{"taxonomy":"post_tag","embeddable":true,"href":"https:\/\/labestiapolitica.com.mx\/index.php?rest_route=%2Fwp%2Fv2%2Ftags&post=71277"}],"curies":[{"name":"wp","href":"https:\/\/api.w.org\/{rel}","templated":true}]}}