{"id":71280,"date":"2026-04-28T10:13:31","date_gmt":"2026-04-28T16:13:31","guid":{"rendered":"https:\/\/labestiapolitica.com.mx\/?p=71280"},"modified":"2026-04-28T10:13:31","modified_gmt":"2026-04-28T16:13:31","slug":"%f0%9f%8f%9b%ef%b8%8f-san-damian-texoloc-se-viste-de-gala-como-sede-de-encuentros-tlaxcala-%f0%9f%a4%9d%e2%9c%a8","status":"publish","type":"post","link":"https:\/\/labestiapolitica.com.mx\/?p=71280","title":{"rendered":"\ud83c\udfdb\ufe0f San Dami\u00e1n Tex\u00f3loc se viste de gala como sede de \u00abEncuentros Tlaxcala\u00bb \ud83e\udd1d\u2728"},"content":{"rendered":"<p style=\"text-align: justify;\" data-path-to-node=\"3\"><b data-path-to-node=\"3\" data-index-in-node=\"0\">\u00a1Es un honor para nuestro municipio recibir grandes noticias!<\/b> Tuvimos el gusto de contar con la visita de la Gobernadora del Estado, la <b data-path-to-node=\"3\" data-index-in-node=\"136\">Lic. Lorena Cu\u00e9llar Cisneros<\/b>, quien eligi\u00f3 a San Dami\u00e1n Tex\u00f3loc como el punto de reuni\u00f3n para los importantes <b data-path-to-node=\"3\" data-index-in-node=\"246\">Encuentros Tlaxcala<\/b>. \ud83c\udf1f<\/p>\n<p style=\"text-align: justify;\" data-path-to-node=\"4\">Durante esta jornada, se compartieron los avances, obras y programas que la administraci\u00f3n estatal ha impulsado con cari\u00f1o para nuestra gente y para todo Tlaxcala. Este espacio no fue solo un informe, sino una oportunidad real para fortalecer el di\u00e1logo y escuchar de cerca las necesidades de nuestra comunidad.<\/p>\n<p style=\"text-align: justify;\" data-path-to-node=\"5\"><b data-path-to-node=\"5\" data-index-in-node=\"0\">\u00bfQu\u00e9 logramos en este encuentro?<\/b><\/p>\n<ul style=\"text-align: justify;\" data-path-to-node=\"6\">\n<li>\n<p data-path-to-node=\"6,0,0\"><b data-path-to-node=\"6,0,0\" data-index-in-node=\"0\">Transparencia total:<\/b> Informaci\u00f3n directa sobre las obras que transforman nuestro municipio.<\/p>\n<\/li>\n<li>\n<p data-path-to-node=\"6,1,0\"><b data-path-to-node=\"6,1,0\" data-index-in-node=\"0\">Participaci\u00f3n Ciudadana:<\/b> Un espacio donde la voz de los vecinos es la protagonista.<\/p>\n<\/li>\n<li>\n<p data-path-to-node=\"6,2,0\"><b data-path-to-node=\"6,2,0\" data-index-in-node=\"0\">Trabajo en Equipo:<\/b> Reforzamos la alianza entre el estado y el municipio para que el bienestar llegue a cada hogar.<\/p>\n<\/li>\n<\/ul>\n<p style=\"text-align: justify;\" data-path-to-node=\"7\">\u00a1Gracias a las autoridades y a cada ciudadano que asisti\u00f3 y particip\u00f3! Sigamos trabajando de la mano para que Tex\u00f3loc siga creciendo con fuerza.<\/p>\n","protected":false},"excerpt":{"rendered":"<p>\u00a1Es un honor para nuestro municipio recibir grandes noticias! Tuvimos el gusto de contar con la visita de la Gobernadora del Estado, la Lic. Lorena Cu\u00e9llar Cisneros, quien eligi\u00f3 a San Dami\u00e1n Tex\u00f3loc como el punto de reuni\u00f3n para los importantes Encuentros Tlaxcala. \ud83c\udf1f Durante esta jornada, se compartieron los avances, obras y programas que [&hellip;]<\/p>\n","protected":false},"author":3,"featured_media":71281,"comment_status":"open","ping_status":"open","sticky":false,"template":"","format":"standard","meta":{"footnotes":""},"categories":[242],"tags":[],"class_list":["post-71280","post","type-post","status-publish","format-standard","has-post-thumbnail","hentry","category-texoloc"],"amp_enabled":true,"_links":{"self":[{"href":"https:\/\/labestiapolitica.com.mx\/index.php?rest_route=\/wp\/v2\/posts\/71280","targetHints":{"allow":["GET"]}}],"collection":[{"href":"https:\/\/labestiapolitica.com.mx\/index.php?rest_route=\/wp\/v2\/posts"}],"about":[{"href":"https:\/\/labestiapolitica.com.mx\/index.php?rest_route=\/wp\/v2\/types\/post"}],"author":[{"embeddable":true,"href":"https:\/\/labestiapolitica.com.mx\/index.php?rest_route=\/wp\/v2\/users\/3"}],"replies":[{"embeddable":true,"href":"https:\/\/labestiapolitica.com.mx\/index.php?rest_route=%2Fwp%2Fv2%2Fcomments&post=71280"}],"version-history":[{"count":1,"href":"https:\/\/labestiapolitica.com.mx\/index.php?rest_route=\/wp\/v2\/posts\/71280\/revisions"}],"predecessor-version":[{"id":71282,"href":"https:\/\/labestiapolitica.com.mx\/index.php?rest_route=\/wp\/v2\/posts\/71280\/revisions\/71282"}],"wp:featuredmedia":[{"embeddable":true,"href":"https:\/\/labestiapolitica.com.mx\/index.php?rest_route=\/wp\/v2\/media\/71281"}],"wp:attachment":[{"href":"https:\/\/labestiapolitica.com.mx\/index.php?rest_route=%2Fwp%2Fv2%2Fmedia&parent=71280"}],"wp:term":[{"taxonomy":"category","embeddable":true,"href":"https:\/\/labestiapolitica.com.mx\/index.php?rest_route=%2Fwp%2Fv2%2Fcategories&post=71280"},{"taxonomy":"post_tag","embeddable":true,"href":"https:\/\/labestiapolitica.com.mx\/index.php?rest_route=%2Fwp%2Fv2%2Ftags&post=71280"}],"curies":[{"name":"wp","href":"https:\/\/api.w.org\/{rel}","templated":true}]}}