{"id":71286,"date":"2026-04-12T14:02:24","date_gmt":"2026-04-12T20:02:24","guid":{"rendered":"https:\/\/labestiapolitica.com.mx\/?p=71286"},"modified":"2026-04-28T11:08:39","modified_gmt":"2026-04-28T17:08:39","slug":"%f0%9f%9b%a1%ef%b8%8f-pequenos-heroes-y-grandes-amigos-proximidad-social-en-san-damian-texoloc-%f0%9f%a4%9d%e2%9c%a8","status":"publish","type":"post","link":"https:\/\/labestiapolitica.com.mx\/?p=71286","title":{"rendered":"\ud83d\udee1\ufe0f Peque\u00f1os h\u00e9roes y grandes amigos: Proximidad social en San Dami\u00e1n Tex\u00f3loc \ud83e\udd1d\u2728"},"content":{"rendered":"<p style=\"text-align: justify;\" data-path-to-node=\"3\"><b data-path-to-node=\"3\" data-index-in-node=\"0\">\u00a1La seguridad tambi\u00e9n se construye con sonrisas y confianza!<\/b> La Direcci\u00f3n de Seguridad P\u00fablica Municipal, en un trabajo unido con la <b data-path-to-node=\"3\" data-index-in-node=\"133\">Guardia Nacional<\/b>, realiz\u00f3 una jornada especial de proximidad social dedicada a los m\u00e1s peque\u00f1os de nuestro municipio.<\/p>\n<p style=\"text-align: justify;\" data-path-to-node=\"4\">No se trat\u00f3 solo de un recorrido, sino de un puente de amistad donde nuestras ni\u00f1as y ni\u00f1os pudieron conocer de cerca a quienes nos cuidan d\u00eda con d\u00eda. El objetivo es claro: sembrar desde la infancia los valores del <b data-path-to-node=\"4\" data-index-in-node=\"216\">respeto<\/b>, la <b data-path-to-node=\"4\" data-index-in-node=\"228\">confianza<\/b> y, sobre todo, la cultura de la <b data-path-to-node=\"4\" data-index-in-node=\"270\">prevenci\u00f3n<\/b>.<\/p>\n<p style=\"text-align: justify;\" data-path-to-node=\"5\"><b data-path-to-node=\"5\" data-index-in-node=\"0\">\u00bfQu\u00e9 logramos con estas actividades?<\/b><\/p>\n<ul style=\"text-align: justify;\" data-path-to-node=\"6\">\n<li>\n<p data-path-to-node=\"6,0,0\"><b data-path-to-node=\"6,0,0\" data-index-in-node=\"0\">V\u00ednculos Reales:<\/b> Perder el miedo y fortalecer la confianza en nuestras autoridades. \ud83e\udd1d\u2764\ufe0f<\/p>\n<\/li>\n<li>\n<p data-path-to-node=\"6,1,0\"><b data-path-to-node=\"6,1,0\" data-index-in-node=\"0\">Cultura de Prevenci\u00f3n:<\/b> Ense\u00f1ar a los peques la importancia de cuidarse y cuidar a los dem\u00e1s. \ud83e\udde0\u2705<\/p>\n<\/li>\n<li>\n<p data-path-to-node=\"6,2,0\"><b data-path-to-node=\"6,2,0\" data-index-in-node=\"0\">Entornos Seguros:<\/b> Crear una comunidad m\u00e1s unida y participativa desde las nuevas generaciones. \ud83c\udfd8\ufe0f\ud83c\udf1f<\/p>\n<\/li>\n<li>\n<p data-path-to-node=\"6,3,0\"><b data-path-to-node=\"6,3,0\" data-index-in-node=\"0\">Reporte Positivo:<\/b> La actividad concluy\u00f3 con \u00e9xito y sin novedades, dejando grandes ense\u00f1anzas. \ud83d\udcdd\ud83d\udc4d<\/p>\n<\/li>\n<\/ul>\n<p style=\"text-align: justify;\" data-path-to-node=\"7\">\u00a1En San Dami\u00e1n Tex\u00f3loc, trabajamos para que nuestras familias se sientan protegidas y escuchadas en todo momento!<\/p>\n","protected":false},"excerpt":{"rendered":"<p>\u00a1La seguridad tambi\u00e9n se construye con sonrisas y confianza! La Direcci\u00f3n de Seguridad P\u00fablica Municipal, en un trabajo unido con la Guardia Nacional, realiz\u00f3 una jornada especial de proximidad social dedicada a los m\u00e1s peque\u00f1os de nuestro municipio. No se trat\u00f3 solo de un recorrido, sino de un puente de amistad donde nuestras ni\u00f1as y [&hellip;]<\/p>\n","protected":false},"author":3,"featured_media":71296,"comment_status":"open","ping_status":"open","sticky":false,"template":"","format":"standard","meta":{"footnotes":""},"categories":[242],"tags":[],"class_list":["post-71286","post","type-post","status-publish","format-standard","has-post-thumbnail","hentry","category-texoloc"],"amp_enabled":true,"_links":{"self":[{"href":"https:\/\/labestiapolitica.com.mx\/index.php?rest_route=\/wp\/v2\/posts\/71286","targetHints":{"allow":["GET"]}}],"collection":[{"href":"https:\/\/labestiapolitica.com.mx\/index.php?rest_route=\/wp\/v2\/posts"}],"about":[{"href":"https:\/\/labestiapolitica.com.mx\/index.php?rest_route=\/wp\/v2\/types\/post"}],"author":[{"embeddable":true,"href":"https:\/\/labestiapolitica.com.mx\/index.php?rest_route=\/wp\/v2\/users\/3"}],"replies":[{"embeddable":true,"href":"https:\/\/labestiapolitica.com.mx\/index.php?rest_route=%2Fwp%2Fv2%2Fcomments&post=71286"}],"version-history":[{"count":1,"href":"https:\/\/labestiapolitica.com.mx\/index.php?rest_route=\/wp\/v2\/posts\/71286\/revisions"}],"predecessor-version":[{"id":71297,"href":"https:\/\/labestiapolitica.com.mx\/index.php?rest_route=\/wp\/v2\/posts\/71286\/revisions\/71297"}],"wp:featuredmedia":[{"embeddable":true,"href":"https:\/\/labestiapolitica.com.mx\/index.php?rest_route=\/wp\/v2\/media\/71296"}],"wp:attachment":[{"href":"https:\/\/labestiapolitica.com.mx\/index.php?rest_route=%2Fwp%2Fv2%2Fmedia&parent=71286"}],"wp:term":[{"taxonomy":"category","embeddable":true,"href":"https:\/\/labestiapolitica.com.mx\/index.php?rest_route=%2Fwp%2Fv2%2Fcategories&post=71286"},{"taxonomy":"post_tag","embeddable":true,"href":"https:\/\/labestiapolitica.com.mx\/index.php?rest_route=%2Fwp%2Fv2%2Ftags&post=71286"}],"curies":[{"name":"wp","href":"https:\/\/api.w.org\/{rel}","templated":true}]}}