{"id":71287,"date":"2026-04-28T10:48:14","date_gmt":"2026-04-28T16:48:14","guid":{"rendered":"https:\/\/labestiapolitica.com.mx\/?p=71287"},"modified":"2026-04-28T10:48:14","modified_gmt":"2026-04-28T16:48:14","slug":"policia-de-chiautempan-refuerza-cercania-y-vigilancia","status":"publish","type":"post","link":"https:\/\/labestiapolitica.com.mx\/?p=71287","title":{"rendered":"Polic\u00eda de Chiautempan refuerza cercan\u00eda y vigilancia."},"content":{"rendered":"<section class=\"text-token-text-primary w-full focus:outline-none [--shadow-height:45px] has-data-writing-block:pointer-events-none has-data-writing-block:-mt-(--shadow-height) has-data-writing-block:pt-(--shadow-height) [&amp;:has([data-writing-block])&gt;*]:pointer-events-auto [content-visibility:auto] supports-[content-visibility:auto]:[contain-intrinsic-size:auto_100lvh] R6Vx5W_threadScrollVars scroll-mb-[calc(var(--scroll-root-safe-area-inset-bottom,0px)+var(--thread-response-height))] scroll-mt-[calc(var(--header-height)+min(200px,max(70px,20svh)))]\" dir=\"auto\" data-turn-id=\"request-WEB:5742b771-2743-4335-b581-109aff284d6b-1\" data-testid=\"conversation-turn-4\" data-scroll-anchor=\"false\" data-turn=\"assistant\">\n<div class=\"text-base my-auto mx-auto pb-10 [--thread-content-margin:var(--thread-content-margin-xs,calc(var(--spacing)*4))] @w-sm\/main:[--thread-content-margin:var(--thread-content-margin-sm,calc(var(--spacing)*6))] @w-lg\/main:[--thread-content-margin:var(--thread-content-margin-lg,calc(var(--spacing)*16))] px-(--thread-content-margin)\">\n<div class=\"[--thread-content-max-width:40rem] @w-lg\/main:[--thread-content-max-width:48rem] mx-auto max-w-(--thread-content-max-width) flex-1 group\/turn-messages focus-visible:outline-hidden relative flex w-full min-w-0 flex-col agent-turn\">\n<div class=\"flex max-w-full flex-col gap-4 grow\">\n<div class=\"min-h-8 text-message relative flex w-full flex-col items-end gap-2 text-start break-words whitespace-normal outline-none keyboard-focused:focus-ring [.text-message+&amp;]:mt-1\" dir=\"auto\" tabindex=\"0\" data-message-author-role=\"assistant\" data-message-id=\"158a5c15-7154-49a7-b788-fa0100983e35\" data-message-model-slug=\"gpt-5-3\" data-turn-start-message=\"true\">\n<div class=\"flex w-full flex-col gap-1 empty:hidden\">\n<div class=\"markdown prose dark:prose-invert w-full wrap-break-word dark markdown-new-styling\">\n<p style=\"text-align: justify;\" data-start=\"0\" data-end=\"53\" data-is-last-node=\"\" data-is-only-node=\"\">A trav\u00e9s del \u00e1rea de Proximidad Social, la Polic\u00eda Municipal de Chiautempan fortalece de manera permanente la relaci\u00f3n entre la ciudadan\u00eda y los cuerpos de seguridad, reforzando su presencia en territorio y la atenci\u00f3n directa a la poblaci\u00f3n.<\/p>\n<\/div>\n<\/div>\n<\/div>\n<\/div>\n<\/div>\n<\/div>\n<\/section>\n<div class=\"pointer-events-none -mt-px h-px translate-y-[calc(var(--scroll-root-safe-area-inset-bottom)-14*var(--spacing))]\" aria-hidden=\"true\">\n<p style=\"text-align: justify;\">Como parte de estas acciones, se realizan recorridos constantes y visitas a establecimientos comerciales, donde se mantiene contacto directo con locatarios y empleados, se brindan recomendaciones preventivas y se comparten n\u00fameros telef\u00f3nicos de emergencia para una respuesta inmediata.<\/p>\n<p style=\"text-align: justify;\">El titular del \u00e1rea, Edgar Hern\u00e1ndez, se\u00f1al\u00f3 que, por instrucci\u00f3n de la presidenta municipal, Blanca Angulo Meneses, estas acciones se han intensificado, priorizando la vigilancia, la cercan\u00eda y la reacci\u00f3n oportuna ante cualquier situaci\u00f3n que atente contra la seguridad de las y los chiautempenses.<\/p>\n<p style=\"text-align: justify;\">El Gobierno Municipal reitera que no habr\u00e1 tolerancia ante conductas delictivas y que se actuar\u00e1 con firmeza para garantizar la tranquilidad de la poblaci\u00f3n, fortaleciendo la coordinaci\u00f3n y la presencia policial en todo el municipio.<\/p>\n<\/div>\n","protected":false},"excerpt":{"rendered":"<p>A trav\u00e9s del \u00e1rea de Proximidad Social, la Polic\u00eda Municipal de Chiautempan fortalece de manera permanente la relaci\u00f3n entre la ciudadan\u00eda y los cuerpos de seguridad, reforzando su presencia en territorio y la atenci\u00f3n directa a la poblaci\u00f3n. Como parte de estas acciones, se realizan recorridos constantes y visitas a establecimientos comerciales, donde se mantiene [&hellip;]<\/p>\n","protected":false},"author":5,"featured_media":71288,"comment_status":"open","ping_status":"open","sticky":false,"template":"","format":"standard","meta":{"footnotes":""},"categories":[215,216],"tags":[],"class_list":["post-71287","post","type-post","status-publish","format-standard","has-post-thumbnail","hentry","category-chiautempan","category-municipios"],"amp_enabled":true,"_links":{"self":[{"href":"https:\/\/labestiapolitica.com.mx\/index.php?rest_route=\/wp\/v2\/posts\/71287","targetHints":{"allow":["GET"]}}],"collection":[{"href":"https:\/\/labestiapolitica.com.mx\/index.php?rest_route=\/wp\/v2\/posts"}],"about":[{"href":"https:\/\/labestiapolitica.com.mx\/index.php?rest_route=\/wp\/v2\/types\/post"}],"author":[{"embeddable":true,"href":"https:\/\/labestiapolitica.com.mx\/index.php?rest_route=\/wp\/v2\/users\/5"}],"replies":[{"embeddable":true,"href":"https:\/\/labestiapolitica.com.mx\/index.php?rest_route=%2Fwp%2Fv2%2Fcomments&post=71287"}],"version-history":[{"count":1,"href":"https:\/\/labestiapolitica.com.mx\/index.php?rest_route=\/wp\/v2\/posts\/71287\/revisions"}],"predecessor-version":[{"id":71289,"href":"https:\/\/labestiapolitica.com.mx\/index.php?rest_route=\/wp\/v2\/posts\/71287\/revisions\/71289"}],"wp:featuredmedia":[{"embeddable":true,"href":"https:\/\/labestiapolitica.com.mx\/index.php?rest_route=\/wp\/v2\/media\/71288"}],"wp:attachment":[{"href":"https:\/\/labestiapolitica.com.mx\/index.php?rest_route=%2Fwp%2Fv2%2Fmedia&parent=71287"}],"wp:term":[{"taxonomy":"category","embeddable":true,"href":"https:\/\/labestiapolitica.com.mx\/index.php?rest_route=%2Fwp%2Fv2%2Fcategories&post=71287"},{"taxonomy":"post_tag","embeddable":true,"href":"https:\/\/labestiapolitica.com.mx\/index.php?rest_route=%2Fwp%2Fv2%2Ftags&post=71287"}],"curies":[{"name":"wp","href":"https:\/\/api.w.org\/{rel}","templated":true}]}}