{"id":71290,"date":"2026-04-28T10:57:50","date_gmt":"2026-04-28T16:57:50","guid":{"rendered":"https:\/\/labestiapolitica.com.mx\/?p=71290"},"modified":"2026-04-28T10:57:50","modified_gmt":"2026-04-28T16:57:50","slug":"recupera-policia-municipal-vehiculo-con-reporte-de-robo-y-asegura-a-un-masculino-en-huamantla","status":"publish","type":"post","link":"https:\/\/labestiapolitica.com.mx\/?p=71290","title":{"rendered":"Recupera Polic\u00eda Municipal veh\u00edculo con reporte de robo y asegura a un masculino en Huamantla."},"content":{"rendered":"<p style=\"text-align: justify;\">La Direcci\u00f3n de Seguridad P\u00fablica, Tr\u00e1nsito y Protecci\u00f3n Civil de Huamantla informa que, derivado de la coordinaci\u00f3n interinstitucional y el uso de herramientas tecnol\u00f3gicas de monitoreo, se logr\u00f3 la recuperaci\u00f3n de un veh\u00edculo con reporte de robo vigente, as\u00ed como la detenci\u00f3n de una persona presuntamente relacionada con estos hechos.<\/p>\n<p style=\"text-align: justify;\">La acci\u00f3n se registr\u00f3 la ma\u00f1ana de este lunes 27 de abril, cuando a trav\u00e9s del sistema de videovigilancia del C5i del Estado de Tlaxcala se alert\u00f3 sobre una camioneta con reporte de robo en el estado de Puebla, misma que hab\u00eda sido detectada mediante los arcos de seguridad al ingresar al municipio sobre la carretera federal M\u00e9xico\u2013Veracruz.<\/p>\n<p style=\"text-align: justify;\">De manera inmediata, elementos de la polic\u00eda municipal implementaron un operativo de localizaci\u00f3n, logrando ubicar la unidad en circulaci\u00f3n a la altura del barrio de San Sebasti\u00e1n. Tras marcarle el alto, se realiz\u00f3 una inspecci\u00f3n preventiva y verificaci\u00f3n de datos, confirmando que el veh\u00edculo contaba con predenuncia de robo vigente.<\/p>\n<p style=\"text-align: justify;\">Ante estos hechos, se procedi\u00f3 a la detenci\u00f3n del conductor, identificado como Jos\u00e9 \u201cN\u201d, a quien se le informaron sus derechos conforme a la ley. De acuerdo con registros, el detenido cuenta con antecedentes por el mismo delito de robo de veh\u00edculo.<\/p>\n<p style=\"text-align: justify;\">Posteriormente, fue trasladado a las instalaciones correspondientes para su certificaci\u00f3n m\u00e9dica y puesta a disposici\u00f3n ante la Fiscal\u00eda General de Justicia del Estado de Tlaxcala, instancia que determinar\u00e1 su situaci\u00f3n legal.<\/p>\n<p style=\"text-align: justify;\">En tanto, el veh\u00edculo fue asegurado y trasladado mediante el protocolo de cadena de custodia a un corral\u00f3n autorizado, quedando a disposici\u00f3n de la autoridad competente.<\/p>\n<p style=\"text-align: justify;\">El Gobierno Municipal de Huamantla refrenda su compromiso con la seguridad de la ciudadan\u00eda, fortaleciendo la coordinaci\u00f3n con instancias estatales y el uso de tecnolog\u00eda para la prevenci\u00f3n y combate de delitos.<\/p>\n","protected":false},"excerpt":{"rendered":"<p>La Direcci\u00f3n de Seguridad P\u00fablica, Tr\u00e1nsito y Protecci\u00f3n Civil de Huamantla informa que, derivado de la coordinaci\u00f3n interinstitucional y el uso de herramientas tecnol\u00f3gicas de monitoreo, se logr\u00f3 la recuperaci\u00f3n de un veh\u00edculo con reporte de robo vigente, as\u00ed como la detenci\u00f3n de una persona presuntamente relacionada con estos hechos. La acci\u00f3n se registr\u00f3 la [&hellip;]<\/p>\n","protected":false},"author":5,"featured_media":71293,"comment_status":"open","ping_status":"open","sticky":false,"template":"","format":"standard","meta":{"footnotes":""},"categories":[220,216],"tags":[],"class_list":["post-71290","post","type-post","status-publish","format-standard","has-post-thumbnail","hentry","category-huamantla","category-municipios"],"amp_enabled":true,"_links":{"self":[{"href":"https:\/\/labestiapolitica.com.mx\/index.php?rest_route=\/wp\/v2\/posts\/71290","targetHints":{"allow":["GET"]}}],"collection":[{"href":"https:\/\/labestiapolitica.com.mx\/index.php?rest_route=\/wp\/v2\/posts"}],"about":[{"href":"https:\/\/labestiapolitica.com.mx\/index.php?rest_route=\/wp\/v2\/types\/post"}],"author":[{"embeddable":true,"href":"https:\/\/labestiapolitica.com.mx\/index.php?rest_route=\/wp\/v2\/users\/5"}],"replies":[{"embeddable":true,"href":"https:\/\/labestiapolitica.com.mx\/index.php?rest_route=%2Fwp%2Fv2%2Fcomments&post=71290"}],"version-history":[{"count":1,"href":"https:\/\/labestiapolitica.com.mx\/index.php?rest_route=\/wp\/v2\/posts\/71290\/revisions"}],"predecessor-version":[{"id":71294,"href":"https:\/\/labestiapolitica.com.mx\/index.php?rest_route=\/wp\/v2\/posts\/71290\/revisions\/71294"}],"wp:featuredmedia":[{"embeddable":true,"href":"https:\/\/labestiapolitica.com.mx\/index.php?rest_route=\/wp\/v2\/media\/71293"}],"wp:attachment":[{"href":"https:\/\/labestiapolitica.com.mx\/index.php?rest_route=%2Fwp%2Fv2%2Fmedia&parent=71290"}],"wp:term":[{"taxonomy":"category","embeddable":true,"href":"https:\/\/labestiapolitica.com.mx\/index.php?rest_route=%2Fwp%2Fv2%2Fcategories&post=71290"},{"taxonomy":"post_tag","embeddable":true,"href":"https:\/\/labestiapolitica.com.mx\/index.php?rest_route=%2Fwp%2Fv2%2Ftags&post=71290"}],"curies":[{"name":"wp","href":"https:\/\/api.w.org\/{rel}","templated":true}]}}