{"id":71291,"date":"2026-04-28T12:09:27","date_gmt":"2026-04-28T18:09:27","guid":{"rendered":"https:\/\/labestiapolitica.com.mx\/?p=71291"},"modified":"2026-04-28T12:10:25","modified_gmt":"2026-04-28T18:10:25","slug":"captura-de-el-jardinero-y-el-guero-conta-lideres-del-cjng-noticias-de-los-cierres-viales-y-reacciones-en-vivo","status":"publish","type":"post","link":"https:\/\/labestiapolitica.com.mx\/?p=71291","title":{"rendered":"Captura de &#8216;El Jardinero&#8217; y &#8216;El G\u00fcero Conta&#8217;, l\u00edderes del CJNG: Noticias de los cierres viales y reacciones | EN VIVO"},"content":{"rendered":"<p style=\"text-align: justify;\" data-start=\"257\" data-end=\"417\">El secretario de Seguridad y Protecci\u00f3n Ciudadana, Omar Garc\u00eda Harfuch, anunci\u00f3 la detenci\u00f3n de Audias Flores-Silva en Nayarit; aqu\u00ed te contamos los detalles.<\/p>\n<p style=\"text-align: justify;\" data-start=\"419\" data-end=\"614\">Omar Garc\u00eda Harfuch, secretario de Seguridad y Protecci\u00f3n Ciudadana, inform\u00f3 sobre la detenci\u00f3n de Audias Flores Silva, El Jardinero, tras un operativo realizado por fuerzas armadas en Nayarit.<\/p>\n<p style=\"text-align: justify;\" data-start=\"616\" data-end=\"794\">Flores Silva ya contaba con una orden de aprehensi\u00f3n en M\u00e9xico y tambi\u00e9n era buscado por las autoridades de Estados Unidos, donde ofrec\u00edan 5 millones de d\u00f3lares por su captura.<\/p>\n<p style=\"text-align: justify;\" data-start=\"801\" data-end=\"860\"><strong>Descartan bloqueos carreteros por ca\u00edda de &#8216;El Jardinero&#8217;<\/strong><\/p>\n<p style=\"text-align: justify;\" data-start=\"862\" data-end=\"1044\">El Gabinete de Seguridad precis\u00f3 que no existen bloqueos carreteros a ra\u00edz de la ca\u00edda del capo mexicano, tampoco se reportan personas heridas ni fallecidas, solo da\u00f1os materiales.<\/p>\n<p style=\"text-align: justify;\" data-start=\"1046\" data-end=\"1186\">La autoridad indic\u00f3 que, por esta acci\u00f3n se mantiene un despliegue operativo en Nayarit en el que participan los tres \u00f3rdenes de gobierno.<\/p>\n<p style=\"text-align: justify;\" data-start=\"1188\" data-end=\"1340\">\u00abAl momento, no se registran bloqueos carreteros; se reportan 6 veh\u00edculos incinerados y 6 tiendas incendiadas, sin personas lesionadas ni fallecidas\u00bb.<\/p>\n<p style=\"text-align: justify;\" data-start=\"1342\" data-end=\"1617\">\u00abAsimismo, es falsa la versi\u00f3n que circula en redes sociales sobre una supuesta suspensi\u00f3n de actividades escolares en Nayarit. Se exhorta a la poblaci\u00f3n a mantenerse informada \u00fanicamente a trav\u00e9s de los canales oficiales y a no difundir rumores que generen incertidumbre\u00bb.<\/p>\n<p style=\"text-align: justify;\" data-start=\"1624\" data-end=\"1659\"><strong>Trasladan a &#8216;El Jardinero&#8217; a CdMx<\/strong><\/p>\n<p style=\"text-align: justify;\" data-start=\"1661\" data-end=\"1863\">Autoridades federales revelaron que Audias Flores Silva, alias El Jardinero, fue trasladado a la Ciudad de M\u00e9xico para el proceso jur\u00eddico correspondiente, por cargos relacionados con el narcotr\u00e1fico.<\/p>\n<p style=\"text-align: justify;\" data-start=\"1870\" data-end=\"1897\"><strong>\u00bfQui\u00e9n es El G\u00fcero Conta?<\/strong><\/p>\n<p style=\"text-align: justify;\" data-start=\"1899\" data-end=\"2111\">De acuerdo con Omar Garc\u00eda Harfuch, C\u00e9sar Alejandro &#8216;N&#8217;, alias El G\u00fcero Conta, es identificado como el operador financiero del C\u00e1rtel Jalisco Nueva Generaci\u00f3n (CJNG), especialmente trabajando para El Jardinero.<\/p>\n<p style=\"text-align: justify;\" data-start=\"2113\" data-end=\"2285\">Fue detenido el lunes 27 de abril en el municipio de Zapopan, Jalisco, en un operativo coordinado entre fuerzas especiales del Ej\u00e9rcito mexicano y de la Guardia Nacional.<\/p>\n<p style=\"text-align: justify;\" data-start=\"2287\" data-end=\"2425\">\u00abEl G\u00fcero Conta es se\u00f1alado por lavar recursos provenientes de actividades il\u00edcitas mediante empresas y prestanombres\u00bb, detall\u00f3 Harfuch.<\/p>\n<p style=\"text-align: justify;\" data-start=\"2432\" data-end=\"2472\"><strong>Captura de El Jardinero tard\u00f3 19 meses<\/strong><\/p>\n<p style=\"text-align: justify;\" data-start=\"2474\" data-end=\"2634\">La Secretar\u00eda de Marina inform\u00f3 que tras 19 meses de seguimiento se logr\u00f3 la captura de Audias Flores Silva, presunto sucesor de El Mencho al frente del CJNG.<\/p>\n<p style=\"text-align: justify;\" data-start=\"2636\" data-end=\"2764\">Indic\u00f3 que la operaci\u00f3n fue planeada, desarrollada y ejecutada con apoyo de diversas instituciones y agencias internacionales.<\/p>\n<p style=\"text-align: justify;\" data-start=\"2766\" data-end=\"2882\">Durante el desarrollo del operativo, el objetivo se encontraba resguardado con un amplio dispositivo de seguridad.<\/p>\n<p style=\"text-align: justify;\" data-start=\"2884\" data-end=\"2973\">Se implement\u00f3 un despliegue t\u00e1ctico con aeronaves, helic\u00f3pteros y cientos de elementos.<\/p>\n<p style=\"text-align: justify;\" data-start=\"2975\" data-end=\"3057\">Finalmente, fue localizado cuando intentaba ocultarse en un conducto de desag\u00fce.<\/p>\n<p style=\"text-align: justify;\" data-start=\"3064\" data-end=\"3110\"><strong>EU se\u00f1ala al posible sucesor de El Jardinero<\/strong><\/p>\n<p style=\"text-align: justify;\" data-start=\"3112\" data-end=\"3189\">Seg\u00fan la DEA (abril 2026), un posible sucesor ser\u00eda Ra\u00fal Mor\u00edn, \u201cLa Fresa\u201d.<\/p>\n<p style=\"text-align: justify;\" data-start=\"3112\" data-end=\"3189\">Tambi\u00e9n se identific\u00f3 que su base de operaciones estaba en Nayarit, especialmente en Ixtl\u00e1n del R\u00edo.<\/p>\n<p style=\"text-align: justify;\" data-start=\"3300\" data-end=\"3337\"><strong>Embajador de EU reacciona a captura<\/strong><\/p>\n<p style=\"text-align: justify;\" data-start=\"3339\" data-end=\"3469\">El embajador Ronald Johnson se\u00f1al\u00f3 que la detenci\u00f3n representa un paso importante contra el tr\u00e1fico de fentanilo y la violencia.<\/p>\n<p style=\"text-align: justify;\" data-start=\"3476\" data-end=\"3523\">EU confirma alianza entre CJNG y Los Chapitos<\/p>\n<p style=\"text-align: justify;\" data-start=\"3525\" data-end=\"3659\">Autoridades estadounidenses indicaron que El Jardinero medi\u00f3 una alianza entre ambos grupos entre finales de 2024 e inicios de 2025.<\/p>\n<p style=\"text-align: justify;\" data-start=\"3666\" data-end=\"3762\"><strong data-start=\"3666\" data-end=\"3760\">M\u00e9xico est\u00e1 haciendo un trabajo de maravilla en tratar de desarticular el CJNG: Mike Vigil<\/strong><\/p>\n<p style=\"text-align: justify;\" data-start=\"3764\" data-end=\"3918\">El exdirector de operaciones de la DEA afirm\u00f3 que la captura representa un golpe significativo, pero podr\u00eda generar violencia por fragmentaci\u00f3n interna.<\/p>\n<p style=\"text-align: justify;\" data-start=\"3920\" data-end=\"4000\">Tambi\u00e9n se\u00f1al\u00f3 que una posible extradici\u00f3n podr\u00eda debilitar a\u00fan m\u00e1s al c\u00e1rtel.<\/p>\n<p style=\"text-align: justify;\" data-start=\"4002\" data-end=\"4078\">Advirti\u00f3 que no se descartan reacciones violentas como bloqueos o ataques.<\/p>\n<p style=\"text-align: justify;\" data-start=\"4085\" data-end=\"4119\"><strong data-start=\"4085\" data-end=\"4117\">\u00bfD\u00f3nde operaba El Jardinero?<\/strong><\/p>\n<p style=\"text-align: justify;\" data-start=\"4121\" data-end=\"4157\">La captura se registr\u00f3 en Nayarit.<\/p>\n<p style=\"text-align: justify;\" data-start=\"4159\" data-end=\"4248\">Ten\u00eda presencia en Jalisco, Zacatecas, Estado de M\u00e9xico, Michoac\u00e1n, Guerrero y Nayarit.<\/p>\n<p style=\"text-align: justify;\" data-start=\"4250\" data-end=\"4317\">Zonas clave: Amatl\u00e1n de Ca\u00f1as, Jala, Ixtl\u00e1n del R\u00edo y Ahuacatl\u00e1n.<\/p>\n<p style=\"text-align: justify;\" data-start=\"4324\" data-end=\"4366\"><strong data-start=\"4324\" data-end=\"4364\">\u00bfDe qu\u00e9 acusan a El Jardinero en EU?<\/strong><\/p>\n<p style=\"text-align: justify;\" data-start=\"4368\" data-end=\"4418\">Enfrenta cargos por narcotr\u00e1fico y uso de armas.<\/p>\n<p style=\"text-align: justify;\" data-start=\"4420\" data-end=\"4487\">Era considerado n\u00famero dos del CJNG y coordinador de operaciones.<\/p>\n<p style=\"text-align: justify;\" data-start=\"4489\" data-end=\"4545\">Tambi\u00e9n se le vincula con tr\u00e1fico de drogas y fraudes.<\/p>\n<p style=\"text-align: justify;\" data-start=\"4552\" data-end=\"4590\"><strong data-start=\"4552\" data-end=\"4588\">Origen del apodo de El Jardinero<\/strong><\/p>\n<p style=\"text-align: justify;\" data-start=\"4592\" data-end=\"4660\">El alias proviene de una referencia violenta en el mundo criminal.<\/p>\n<p style=\"text-align: justify;\" data-start=\"4662\" data-end=\"4728\">Tambi\u00e9n era conocido como El Audi, El Comandante y El Matajefes.<\/p>\n<p style=\"text-align: justify;\" data-start=\"4735\" data-end=\"4782\"><strong data-start=\"4735\" data-end=\"4780\">Detienen a Audias Flores Silva en Nayarit<\/strong><\/p>\n<p style=\"text-align: justify;\" data-start=\"4784\" data-end=\"4846\">Fue capturado el 27 de abril de 2026 por fuerzas especiales.<\/p>\n<p style=\"text-align: justify;\" data-start=\"4848\" data-end=\"4895\">Era considerado posible sucesor de El Mencho.<\/p>\n<p data-start=\"4848\" data-end=\"4895\">\n<p data-start=\"4848\" data-end=\"4895\"><strong>Fuente Milenio<\/strong><\/p>\n","protected":false},"excerpt":{"rendered":"<p>El secretario de Seguridad y Protecci\u00f3n Ciudadana, Omar Garc\u00eda Harfuch, anunci\u00f3 la detenci\u00f3n de Audias Flores-Silva en Nayarit; aqu\u00ed te contamos los detalles. Omar Garc\u00eda Harfuch, secretario de Seguridad y Protecci\u00f3n Ciudadana, inform\u00f3 sobre la detenci\u00f3n de Audias Flores Silva, El Jardinero, tras un operativo realizado por fuerzas armadas en Nayarit. Flores Silva ya contaba [&hellip;]<\/p>\n","protected":false},"author":5,"featured_media":71329,"comment_status":"open","ping_status":"open","sticky":false,"template":"","format":"standard","meta":{"footnotes":""},"categories":[12,10],"tags":[],"class_list":["post-71291","post","type-post","status-publish","format-standard","has-post-thumbnail","hentry","category-brujula-2026","category-nacional-e-internacional"],"amp_enabled":true,"_links":{"self":[{"href":"https:\/\/labestiapolitica.com.mx\/index.php?rest_route=\/wp\/v2\/posts\/71291","targetHints":{"allow":["GET"]}}],"collection":[{"href":"https:\/\/labestiapolitica.com.mx\/index.php?rest_route=\/wp\/v2\/posts"}],"about":[{"href":"https:\/\/labestiapolitica.com.mx\/index.php?rest_route=\/wp\/v2\/types\/post"}],"author":[{"embeddable":true,"href":"https:\/\/labestiapolitica.com.mx\/index.php?rest_route=\/wp\/v2\/users\/5"}],"replies":[{"embeddable":true,"href":"https:\/\/labestiapolitica.com.mx\/index.php?rest_route=%2Fwp%2Fv2%2Fcomments&post=71291"}],"version-history":[{"count":2,"href":"https:\/\/labestiapolitica.com.mx\/index.php?rest_route=\/wp\/v2\/posts\/71291\/revisions"}],"predecessor-version":[{"id":71332,"href":"https:\/\/labestiapolitica.com.mx\/index.php?rest_route=\/wp\/v2\/posts\/71291\/revisions\/71332"}],"wp:featuredmedia":[{"embeddable":true,"href":"https:\/\/labestiapolitica.com.mx\/index.php?rest_route=\/wp\/v2\/media\/71329"}],"wp:attachment":[{"href":"https:\/\/labestiapolitica.com.mx\/index.php?rest_route=%2Fwp%2Fv2%2Fmedia&parent=71291"}],"wp:term":[{"taxonomy":"category","embeddable":true,"href":"https:\/\/labestiapolitica.com.mx\/index.php?rest_route=%2Fwp%2Fv2%2Fcategories&post=71291"},{"taxonomy":"post_tag","embeddable":true,"href":"https:\/\/labestiapolitica.com.mx\/index.php?rest_route=%2Fwp%2Fv2%2Ftags&post=71291"}],"curies":[{"name":"wp","href":"https:\/\/api.w.org\/{rel}","templated":true}]}}