{"id":71295,"date":"2026-04-28T11:29:02","date_gmt":"2026-04-28T17:29:02","guid":{"rendered":"https:\/\/labestiapolitica.com.mx\/?p=71295"},"modified":"2026-04-28T11:29:02","modified_gmt":"2026-04-28T17:29:02","slug":"tambien-en-fines-de-semana-se-rescata-a-la-capital-con-mas-territorio-y-menos-escritorio","status":"publish","type":"post","link":"https:\/\/labestiapolitica.com.mx\/?p=71295","title":{"rendered":"Tambi\u00e9n en fines de semana se rescata a la capital con m\u00e1s territorio y menos escritorio."},"content":{"rendered":"<p style=\"text-align: justify;\">Como parte de una pol\u00edtica de cercan\u00eda con la ciudadan\u00eda, el Gobierno Municipal de Alfonso S\u00e1nchez Garc\u00eda mantiene acciones permanentes de mejoramiento urbano durante los fines de semana, con acciones de m\u00e1s territorio y menos escritorio, que privilegian la atenci\u00f3n directa en las colonias y comunidades de la capital.<\/p>\n<p style=\"text-align: justify;\">Las actividades del fin de semana comenzaron en El Rinc\u00f3n, en los l\u00edmites de Ocotl\u00e1n y San Sebasti\u00e1n Atlahapa, donde las brigadas del Ayuntamiento encabezaron una jornada de faena enfocada en la recuperaci\u00f3n de espacios p\u00fablicos y el mejoramiento de la imagen urbana. Estas labores forman parte del programa integral para rescatar la ciudad, atendiendo zonas que durante a\u00f1os demandaron intervenci\u00f3n.<\/p>\n<p style=\"text-align: justify;\">Durante la jornada, la participaci\u00f3n ciudadana volvi\u00f3 a ser un elemento fundamental, pues vecinas y vecinos de la zona se sumaron de manera voluntaria a los trabajos, por lo que se organizaron para realizar el balizado o colocaci\u00f3n de pintura en guarniciones al frente de sus viviendas, como una muestra de colaboraci\u00f3n entre sociedad y gobierno.<\/p>\n<p style=\"text-align: justify;\">De manera paralela, en la avenida Galeana tambi\u00e9n se realizaron trabajos de balizado, con el objetivo de mejorar la movilidad, reforzar la seguridad vial y dignificar la imagen de una de las principales vialidades de la capital.<\/p>\n<p style=\"text-align: justify;\">Con ello, la administraci\u00f3n contin\u00faa con su visi\u00f3n de ser un gobierno que escucha y que resuelve, adem\u00e1s trabaja en apego a los principios de la Cuarta Transformaci\u00f3n.<\/p>\n","protected":false},"excerpt":{"rendered":"<p>Como parte de una pol\u00edtica de cercan\u00eda con la ciudadan\u00eda, el Gobierno Municipal de Alfonso S\u00e1nchez Garc\u00eda mantiene acciones permanentes de mejoramiento urbano durante los fines de semana, con acciones de m\u00e1s territorio y menos escritorio, que privilegian la atenci\u00f3n directa en las colonias y comunidades de la capital. Las actividades del fin de semana [&hellip;]<\/p>\n","protected":false},"author":5,"featured_media":71307,"comment_status":"open","ping_status":"open","sticky":false,"template":"","format":"standard","meta":{"footnotes":""},"categories":[216,214],"tags":[],"class_list":["post-71295","post","type-post","status-publish","format-standard","has-post-thumbnail","hentry","category-municipios","category-tlaxcala-capital"],"amp_enabled":true,"_links":{"self":[{"href":"https:\/\/labestiapolitica.com.mx\/index.php?rest_route=\/wp\/v2\/posts\/71295","targetHints":{"allow":["GET"]}}],"collection":[{"href":"https:\/\/labestiapolitica.com.mx\/index.php?rest_route=\/wp\/v2\/posts"}],"about":[{"href":"https:\/\/labestiapolitica.com.mx\/index.php?rest_route=\/wp\/v2\/types\/post"}],"author":[{"embeddable":true,"href":"https:\/\/labestiapolitica.com.mx\/index.php?rest_route=\/wp\/v2\/users\/5"}],"replies":[{"embeddable":true,"href":"https:\/\/labestiapolitica.com.mx\/index.php?rest_route=%2Fwp%2Fv2%2Fcomments&post=71295"}],"version-history":[{"count":1,"href":"https:\/\/labestiapolitica.com.mx\/index.php?rest_route=\/wp\/v2\/posts\/71295\/revisions"}],"predecessor-version":[{"id":71308,"href":"https:\/\/labestiapolitica.com.mx\/index.php?rest_route=\/wp\/v2\/posts\/71295\/revisions\/71308"}],"wp:featuredmedia":[{"embeddable":true,"href":"https:\/\/labestiapolitica.com.mx\/index.php?rest_route=\/wp\/v2\/media\/71307"}],"wp:attachment":[{"href":"https:\/\/labestiapolitica.com.mx\/index.php?rest_route=%2Fwp%2Fv2%2Fmedia&parent=71295"}],"wp:term":[{"taxonomy":"category","embeddable":true,"href":"https:\/\/labestiapolitica.com.mx\/index.php?rest_route=%2Fwp%2Fv2%2Fcategories&post=71295"},{"taxonomy":"post_tag","embeddable":true,"href":"https:\/\/labestiapolitica.com.mx\/index.php?rest_route=%2Fwp%2Fv2%2Ftags&post=71295"}],"curies":[{"name":"wp","href":"https:\/\/api.w.org\/{rel}","templated":true}]}}