{"id":71298,"date":"2026-04-11T11:04:05","date_gmt":"2026-04-11T17:04:05","guid":{"rendered":"https:\/\/labestiapolitica.com.mx\/?p=71298"},"modified":"2026-04-28T11:06:23","modified_gmt":"2026-04-28T17:06:23","slug":"%f0%9f%9b%a1%ef%b8%8f-seguridad-y-confianza-en-cada-calle-reforzamos-la-vigilancia-en-nuestros-barrios-%f0%9f%a4%9d%e2%9c%a8","status":"publish","type":"post","link":"https:\/\/labestiapolitica.com.mx\/?p=71298","title":{"rendered":"\ud83d\udee1\ufe0f Seguridad y confianza en cada calle: Reforzamos la vigilancia en nuestros barrios \ud83e\udd1d\u2728"},"content":{"rendered":"<p style=\"text-align: justify;\" data-path-to-node=\"3\"><b data-path-to-node=\"3\" data-index-in-node=\"0\">\u00a1En San Dami\u00e1n Tex\u00f3loc, no bajamos la guardia!<\/b> La Direcci\u00f3n de Seguridad P\u00fablica Municipal sigue recorriendo nuestras calles para asegurar que cada comercio y cada familia se sientan respaldados. Esta vez, nuestros elementos visitaron los barrios para estrechar la mano de quienes d\u00eda a d\u00eda impulsan la econom\u00eda local. \ud83c\udfd9\ufe0f\ud83d\udc6e\u200d\u2642\ufe0f<\/p>\n<p style=\"text-align: justify;\" data-path-to-node=\"4\">Estuvimos presentes en establecimientos de las calles <b data-path-to-node=\"4\" data-index-in-node=\"54\">Jazm\u00edn (Barrio Zavaleta)<\/b> y <b data-path-to-node=\"4\" data-index-in-node=\"81\">Monterrey<\/b>, platicando directamente con los due\u00f1os de negocios para entregarles n\u00fameros de contacto directo y herramientas de prevenci\u00f3n. \ud83d\udcde\u2705 Porque una comunidad comunicada es una comunidad m\u00e1s segura.<\/p>\n<p style=\"text-align: justify;\" data-path-to-node=\"5\"><b data-path-to-node=\"5\" data-index-in-node=\"0\">\u00bfQu\u00e9 estamos haciendo por ti?<\/b><\/p>\n<ul style=\"text-align: justify;\" data-path-to-node=\"6\">\n<li>\n<p data-path-to-node=\"6,0,0\"><b data-path-to-node=\"6,0,0\" data-index-in-node=\"0\">Presencia Constante:<\/b> Recorridos estrat\u00e9gicos para disuadir cualquier actividad il\u00edcita. \ud83d\ude94\ud83d\udea8<\/p>\n<\/li>\n<li>\n<p data-path-to-node=\"6,1,0\"><b data-path-to-node=\"6,1,0\" data-index-in-node=\"0\">Prevenci\u00f3n del Robo:<\/b> Brindamos asesor\u00eda a comercios para que sepan c\u00f3mo actuar y proteger su patrimonio. \ud83c\udfea\ud83d\udee1\ufe0f<\/p>\n<\/li>\n<li>\n<p data-path-to-node=\"6,2,0\"><b data-path-to-node=\"6,2,0\" data-index-in-node=\"0\">Comunicaci\u00f3n Directa:<\/b> Entregamos n\u00fameros de emergencia para una respuesta inmediata. \ud83d\udcf1\ud83c\udd98<\/p>\n<\/li>\n<li>\n<p data-path-to-node=\"6,3,0\"><b data-path-to-node=\"6,3,0\" data-index-in-node=\"0\">Vigilancia con \u00c9xito:<\/b> Las jornadas concluyeron sin novedades, manteniendo el orden en nuestro municipio. \ud83d\udcdd\ud83d\udc4d<\/p>\n<\/li>\n<\/ul>\n<p style=\"text-align: justify;\" data-path-to-node=\"7\">\u00a1Seguimos trabajando con paso firme para que camines por Tex\u00f3loc con total tranquilidad y confianza!<\/p>\n","protected":false},"excerpt":{"rendered":"<p>\u00a1En San Dami\u00e1n Tex\u00f3loc, no bajamos la guardia! La Direcci\u00f3n de Seguridad P\u00fablica Municipal sigue recorriendo nuestras calles para asegurar que cada comercio y cada familia se sientan respaldados. Esta vez, nuestros elementos visitaron los barrios para estrechar la mano de quienes d\u00eda a d\u00eda impulsan la econom\u00eda local. \ud83c\udfd9\ufe0f\ud83d\udc6e\u200d\u2642\ufe0f Estuvimos presentes en establecimientos de [&hellip;]<\/p>\n","protected":false},"author":3,"featured_media":71299,"comment_status":"open","ping_status":"open","sticky":false,"template":"","format":"standard","meta":{"footnotes":""},"categories":[242],"tags":[],"class_list":["post-71298","post","type-post","status-publish","format-standard","has-post-thumbnail","hentry","category-texoloc"],"amp_enabled":true,"_links":{"self":[{"href":"https:\/\/labestiapolitica.com.mx\/index.php?rest_route=\/wp\/v2\/posts\/71298","targetHints":{"allow":["GET"]}}],"collection":[{"href":"https:\/\/labestiapolitica.com.mx\/index.php?rest_route=\/wp\/v2\/posts"}],"about":[{"href":"https:\/\/labestiapolitica.com.mx\/index.php?rest_route=\/wp\/v2\/types\/post"}],"author":[{"embeddable":true,"href":"https:\/\/labestiapolitica.com.mx\/index.php?rest_route=\/wp\/v2\/users\/3"}],"replies":[{"embeddable":true,"href":"https:\/\/labestiapolitica.com.mx\/index.php?rest_route=%2Fwp%2Fv2%2Fcomments&post=71298"}],"version-history":[{"count":1,"href":"https:\/\/labestiapolitica.com.mx\/index.php?rest_route=\/wp\/v2\/posts\/71298\/revisions"}],"predecessor-version":[{"id":71300,"href":"https:\/\/labestiapolitica.com.mx\/index.php?rest_route=\/wp\/v2\/posts\/71298\/revisions\/71300"}],"wp:featuredmedia":[{"embeddable":true,"href":"https:\/\/labestiapolitica.com.mx\/index.php?rest_route=\/wp\/v2\/media\/71299"}],"wp:attachment":[{"href":"https:\/\/labestiapolitica.com.mx\/index.php?rest_route=%2Fwp%2Fv2%2Fmedia&parent=71298"}],"wp:term":[{"taxonomy":"category","embeddable":true,"href":"https:\/\/labestiapolitica.com.mx\/index.php?rest_route=%2Fwp%2Fv2%2Fcategories&post=71298"},{"taxonomy":"post_tag","embeddable":true,"href":"https:\/\/labestiapolitica.com.mx\/index.php?rest_route=%2Fwp%2Fv2%2Ftags&post=71298"}],"curies":[{"name":"wp","href":"https:\/\/api.w.org\/{rel}","templated":true}]}}