{"id":71301,"date":"2026-04-08T11:10:48","date_gmt":"2026-04-08T17:10:48","guid":{"rendered":"https:\/\/labestiapolitica.com.mx\/?p=71301"},"modified":"2026-04-28T11:12:27","modified_gmt":"2026-04-28T17:12:27","slug":"%f0%9f%9b%a1%ef%b8%8f-fuerza-y-unidad-por-tu-seguridad-gran-operativo-intermunicipal-en-texoloc-%f0%9f%9a%94%e2%9c%a8","status":"publish","type":"post","link":"https:\/\/labestiapolitica.com.mx\/?p=71301","title":{"rendered":"\ud83d\udee1\ufe0f Fuerza y unidad por tu seguridad: Gran Operativo Intermunicipal en Tex\u00f3loc \ud83d\ude94\u2728"},"content":{"rendered":"<p style=\"text-align: justify;\" data-path-to-node=\"3\"><b data-path-to-node=\"3\" data-index-in-node=\"0\">\u00a1La uni\u00f3n hace la fuerza cuando se trata de proteger a nuestras familias!<\/b> Bajo el liderazgo del Encargado de la Direcci\u00f3n de Seguridad P\u00fablica, <b data-path-to-node=\"3\" data-index-in-node=\"144\">V\u00edctor Santos<\/b>, San Dami\u00e1n Tex\u00f3loc fue el centro de una importante suma de esfuerzos para blindar nuestras calles y avenidas.<\/p>\n<p style=\"text-align: justify;\" data-path-to-node=\"4\">No estuvimos solos: nos coordinamos estrechamente con la <b data-path-to-node=\"4\" data-index-in-node=\"57\">Polic\u00eda Estatal<\/b> y los equipos de seguridad de nuestros municipios vecinos como <b data-path-to-node=\"4\" data-index-in-node=\"136\">San Juan Huactzinco, Teacalco, Zacualpan y Nativitas<\/b>. Juntos, realizamos recorridos estrat\u00e9gicos, poniendo especial atenci\u00f3n en zonas clave como las inmediaciones del <b data-path-to-node=\"4\" data-index-in-node=\"303\">Banco del Bienestar<\/b> para asegurar que cada ciudadano realice sus tr\u00e1mites con total paz.<\/p>\n<p style=\"text-align: justify;\" data-path-to-node=\"5\"><b data-path-to-node=\"5\" data-index-in-node=\"0\">\u00bfCu\u00e1l fue el impacto de este operativo?<\/b><\/p>\n<ul style=\"text-align: justify;\" data-path-to-node=\"6\">\n<li>\n<p data-path-to-node=\"6,0,0\"><b data-path-to-node=\"6,0,0\" data-index-in-node=\"0\">Prevenci\u00f3n Activa:<\/b> Presencia policial reforzada para disuadir cualquier acto delictivo. \ud83d\udea8\ud83d\uded1<\/p>\n<\/li>\n<li>\n<p data-path-to-node=\"6,1,0\"><b data-path-to-node=\"6,1,0\" data-index-in-node=\"0\">Vigilancia Regional:<\/b> Una red de apoyo entre municipios para que no haya espacios desprotegidos. \ud83c\udf10\ud83d\udcaa<\/p>\n<\/li>\n<li>\n<p data-path-to-node=\"6,2,0\"><b data-path-to-node=\"6,2,0\" data-index-in-node=\"0\">Protecci\u00f3n al Ciudadano:<\/b> Cuidado especial en \u00e1reas de alta afluencia y servicios bancarios. \ud83d\udee1\ufe0f\ud83d\udcb3<\/p>\n<\/li>\n<li>\n<p data-path-to-node=\"6,3,0\"><b data-path-to-node=\"6,3,0\" data-index-in-node=\"0\">Saldo Blanco:<\/b> La jornada concluy\u00f3 con \u00e9xito y sin novedades, garantizando el orden en nuestra comunidad. \ud83d\udcdd\ud83d\udc4d<\/p>\n<\/li>\n<\/ul>\n<p style=\"text-align: justify;\" data-path-to-node=\"7\">\u00a1En San Dami\u00e1n Tex\u00f3loc, seguimos trabajando en equipo para que la tranquilidad sea una realidad en cada hogar!<\/p>\n","protected":false},"excerpt":{"rendered":"<p>\u00a1La uni\u00f3n hace la fuerza cuando se trata de proteger a nuestras familias! Bajo el liderazgo del Encargado de la Direcci\u00f3n de Seguridad P\u00fablica, V\u00edctor Santos, San Dami\u00e1n Tex\u00f3loc fue el centro de una importante suma de esfuerzos para blindar nuestras calles y avenidas. No estuvimos solos: nos coordinamos estrechamente con la Polic\u00eda Estatal y [&hellip;]<\/p>\n","protected":false},"author":3,"featured_media":71302,"comment_status":"open","ping_status":"open","sticky":false,"template":"","format":"standard","meta":{"footnotes":""},"categories":[242],"tags":[],"class_list":["post-71301","post","type-post","status-publish","format-standard","has-post-thumbnail","hentry","category-texoloc"],"amp_enabled":true,"_links":{"self":[{"href":"https:\/\/labestiapolitica.com.mx\/index.php?rest_route=\/wp\/v2\/posts\/71301","targetHints":{"allow":["GET"]}}],"collection":[{"href":"https:\/\/labestiapolitica.com.mx\/index.php?rest_route=\/wp\/v2\/posts"}],"about":[{"href":"https:\/\/labestiapolitica.com.mx\/index.php?rest_route=\/wp\/v2\/types\/post"}],"author":[{"embeddable":true,"href":"https:\/\/labestiapolitica.com.mx\/index.php?rest_route=\/wp\/v2\/users\/3"}],"replies":[{"embeddable":true,"href":"https:\/\/labestiapolitica.com.mx\/index.php?rest_route=%2Fwp%2Fv2%2Fcomments&post=71301"}],"version-history":[{"count":1,"href":"https:\/\/labestiapolitica.com.mx\/index.php?rest_route=\/wp\/v2\/posts\/71301\/revisions"}],"predecessor-version":[{"id":71303,"href":"https:\/\/labestiapolitica.com.mx\/index.php?rest_route=\/wp\/v2\/posts\/71301\/revisions\/71303"}],"wp:featuredmedia":[{"embeddable":true,"href":"https:\/\/labestiapolitica.com.mx\/index.php?rest_route=\/wp\/v2\/media\/71302"}],"wp:attachment":[{"href":"https:\/\/labestiapolitica.com.mx\/index.php?rest_route=%2Fwp%2Fv2%2Fmedia&parent=71301"}],"wp:term":[{"taxonomy":"category","embeddable":true,"href":"https:\/\/labestiapolitica.com.mx\/index.php?rest_route=%2Fwp%2Fv2%2Fcategories&post=71301"},{"taxonomy":"post_tag","embeddable":true,"href":"https:\/\/labestiapolitica.com.mx\/index.php?rest_route=%2Fwp%2Fv2%2Ftags&post=71301"}],"curies":[{"name":"wp","href":"https:\/\/api.w.org\/{rel}","templated":true}]}}