{"id":71304,"date":"2026-04-02T17:15:03","date_gmt":"2026-04-02T23:15:03","guid":{"rendered":"https:\/\/labestiapolitica.com.mx\/?p=71304"},"modified":"2026-04-28T11:18:11","modified_gmt":"2026-04-28T17:18:11","slug":"%f0%9f%9b%a1%ef%b8%8f-control-y-transparencia-supervision-exitosa-de-armamento-en-texoloc-%f0%9f%93%9d%e2%9c%a8","status":"publish","type":"post","link":"https:\/\/labestiapolitica.com.mx\/?p=71304","title":{"rendered":"\ud83d\udee1\ufe0f Control y transparencia: Supervisi\u00f3n exitosa de armamento en Tex\u00f3loc \ud83d\udcdd\u2728"},"content":{"rendered":"<p style=\"text-align: justify;\" data-path-to-node=\"3\"><b data-path-to-node=\"3\" data-index-in-node=\"0\">\u00a1La legalidad y el orden son los pilares de nuestra seguridad!<\/b> En las instalaciones de la Direcci\u00f3n de Seguridad P\u00fablica Municipal, ubicadas en Porfirio D\u00edaz, se llev\u00f3 a cabo una jornada de supervisi\u00f3n y control de alta relevancia para garantizar que cada herramienta de protecci\u00f3n est\u00e9 bajo los m\u00e1s estrictos est\u00e1ndares oficiales. \ud83c\udfdb\ufe0f\ud83d\udd0d<\/p>\n<p style=\"text-align: justify;\" data-path-to-node=\"4\">Contamos con la presencia de personal de la <b data-path-to-node=\"4\" data-index-in-node=\"44\">SEDENA<\/b> y de la <b data-path-to-node=\"4\" data-index-in-node=\"59\">Secretar\u00eda de Seguridad Ciudadana<\/b>, quienes realizaron una inspecci\u00f3n detallada del armamento resguardado en nuestra armer\u00eda municipal. Esta actividad no solo es un requisito, sino un compromiso de cara a la ciudadan\u00eda para asegurar una operaci\u00f3n profesional y confiable. \ud83d\udc6e\u200d\u2642\ufe0f\ud83c\uddf2\ud83c\uddfd<\/p>\n<p style=\"text-align: justify;\" data-path-to-node=\"5\"><b data-path-to-node=\"5\" data-index-in-node=\"0\">\u00bfQu\u00e9 logramos con esta supervisi\u00f3n?<\/b><\/p>\n<ul style=\"text-align: justify;\" data-path-to-node=\"6\">\n<li>\n<p data-path-to-node=\"6,0,0\"><b data-path-to-node=\"6,0,0\" data-index-in-node=\"0\">Cumplimiento Total:<\/b> Respeto absoluto a los protocolos federales y estatales. \u2705\ud83d\udccb<\/p>\n<\/li>\n<li>\n<p data-path-to-node=\"6,1,0\"><b data-path-to-node=\"6,1,0\" data-index-in-node=\"0\">Transparencia Institucional:<\/b> Control estricto de los recursos destinados a protegerte. \ud83d\udc8e\ud83e\udd1d<\/p>\n<\/li>\n<li>\n<p data-path-to-node=\"6,2,0\"><b data-path-to-node=\"6,2,0\" data-index-in-node=\"0\">Operaci\u00f3n Segura:<\/b> Garantizar que los cuerpos de seguridad cuenten con lo necesario bajo la ley. \ud83d\udee1\ufe0f\ud83d\udcaa<\/p>\n<\/li>\n<li>\n<p data-path-to-node=\"6,3,0\"><b data-path-to-node=\"6,3,0\" data-index-in-node=\"0\">Resultado Positivo:<\/b> La revisi\u00f3n concluy\u00f3 satisfactoriamente y sin novedades. \ud83d\udc4d\ud83d\udcdd<\/p>\n<\/li>\n<\/ul>\n<p style=\"text-align: justify;\" data-path-to-node=\"7\">\u00a1En San Dami\u00e1n Tex\u00f3loc, trabajamos con claridad y responsabilidad para ganarnos tu confianza d\u00eda con d\u00eda!<\/p>\n","protected":false},"excerpt":{"rendered":"<p>\u00a1La legalidad y el orden son los pilares de nuestra seguridad! En las instalaciones de la Direcci\u00f3n de Seguridad P\u00fablica Municipal, ubicadas en Porfirio D\u00edaz, se llev\u00f3 a cabo una jornada de supervisi\u00f3n y control de alta relevancia para garantizar que cada herramienta de protecci\u00f3n est\u00e9 bajo los m\u00e1s estrictos est\u00e1ndares oficiales. \ud83c\udfdb\ufe0f\ud83d\udd0d Contamos con [&hellip;]<\/p>\n","protected":false},"author":3,"featured_media":71305,"comment_status":"open","ping_status":"open","sticky":false,"template":"","format":"standard","meta":{"footnotes":""},"categories":[242],"tags":[],"class_list":["post-71304","post","type-post","status-publish","format-standard","has-post-thumbnail","hentry","category-texoloc"],"amp_enabled":true,"_links":{"self":[{"href":"https:\/\/labestiapolitica.com.mx\/index.php?rest_route=\/wp\/v2\/posts\/71304","targetHints":{"allow":["GET"]}}],"collection":[{"href":"https:\/\/labestiapolitica.com.mx\/index.php?rest_route=\/wp\/v2\/posts"}],"about":[{"href":"https:\/\/labestiapolitica.com.mx\/index.php?rest_route=\/wp\/v2\/types\/post"}],"author":[{"embeddable":true,"href":"https:\/\/labestiapolitica.com.mx\/index.php?rest_route=\/wp\/v2\/users\/3"}],"replies":[{"embeddable":true,"href":"https:\/\/labestiapolitica.com.mx\/index.php?rest_route=%2Fwp%2Fv2%2Fcomments&post=71304"}],"version-history":[{"count":1,"href":"https:\/\/labestiapolitica.com.mx\/index.php?rest_route=\/wp\/v2\/posts\/71304\/revisions"}],"predecessor-version":[{"id":71306,"href":"https:\/\/labestiapolitica.com.mx\/index.php?rest_route=\/wp\/v2\/posts\/71304\/revisions\/71306"}],"wp:featuredmedia":[{"embeddable":true,"href":"https:\/\/labestiapolitica.com.mx\/index.php?rest_route=\/wp\/v2\/media\/71305"}],"wp:attachment":[{"href":"https:\/\/labestiapolitica.com.mx\/index.php?rest_route=%2Fwp%2Fv2%2Fmedia&parent=71304"}],"wp:term":[{"taxonomy":"category","embeddable":true,"href":"https:\/\/labestiapolitica.com.mx\/index.php?rest_route=%2Fwp%2Fv2%2Fcategories&post=71304"},{"taxonomy":"post_tag","embeddable":true,"href":"https:\/\/labestiapolitica.com.mx\/index.php?rest_route=%2Fwp%2Fv2%2Ftags&post=71304"}],"curies":[{"name":"wp","href":"https:\/\/api.w.org\/{rel}","templated":true}]}}