{"id":71313,"date":"2026-04-28T11:42:31","date_gmt":"2026-04-28T17:42:31","guid":{"rendered":"https:\/\/labestiapolitica.com.mx\/?p=71313"},"modified":"2026-04-28T11:42:31","modified_gmt":"2026-04-28T17:42:31","slug":"totolac-celebrara-el-dia-del-nino-con-una-gran-fiesta-tematica-de-mario","status":"publish","type":"post","link":"https:\/\/labestiapolitica.com.mx\/?p=71313","title":{"rendered":"Totolac celebrar\u00e1 el D\u00eda del Ni\u00f1o con una gran fiesta tem\u00e1tica de Mario."},"content":{"rendered":"<p style=\"text-align: justify;\">En el marco de las celebraciones por el D\u00eda del Ni\u00f1o, el Gobierno Municipal de Totolac llevar\u00e1 a cabo una gran actividad recreativa para las familias del municipio, con la realizaci\u00f3n de la \u201cS\u00faper Fiesta M\u00e1gica de Mario\u201d, este pr\u00f3ximo 1 de mayo en el Auditorio Municipal.<\/p>\n<p style=\"text-align: justify;\">El evento est\u00e1 dise\u00f1ado para brindar un espacio de sana convivencia, alegr\u00eda y entretenimiento para ni\u00f1as y ni\u00f1os, quienes podr\u00e1n disfrutar de una programaci\u00f3n especial que incluye la proyecci\u00f3n de Mario Galaxy, un show musical tem\u00e1tico de Super Mario, as\u00ed como diversas din\u00e1micas, regalos y sorpresas preparadas especialmente para esta fecha.<\/p>\n<p style=\"text-align: justify;\">Como parte de esta celebraci\u00f3n, tambi\u00e9n se contempla la entrega de obsequios como gorras y pelotas, adem\u00e1s de alimentos sorpresa, con el objetivo de generar una experiencia memorable para las y los asistentes.<\/p>\n<p style=\"text-align: justify;\">Esta actividad forma parte de las acciones impulsadas por la administraci\u00f3n que encabeza el presidente municipal Benjam\u00edn Atonal Conde, orientadas a fortalecer el tejido social, promover la convivencia familiar y fomentar espacios de esparcimiento para la ni\u00f1ez de Totolac.<\/p>\n<p style=\"text-align: justify;\">El evento dar\u00e1 inicio a las 15:00 horas en el Auditorio Municipal de Totolac, por lo que se invita a las familias a asistir y ser parte de esta celebraci\u00f3n pensada para las ni\u00f1as y ni\u00f1os del municipio.<\/p>\n<p style=\"text-align: justify;\">Con este tipo de iniciativas, el Gobierno Municipal reafirma su compromiso de seguir generando entornos positivos que contribuyan al bienestar y desarrollo integral de la ni\u00f1ez.<\/p>\n<p style=\"text-align: justify;\">#PorAmorATotolac #MunicipioConTradici\u00f3nYGrandeza #ElGobiernoDeLaGente<\/p>\n","protected":false},"excerpt":{"rendered":"<p>En el marco de las celebraciones por el D\u00eda del Ni\u00f1o, el Gobierno Municipal de Totolac llevar\u00e1 a cabo una gran actividad recreativa para las familias del municipio, con la realizaci\u00f3n de la \u201cS\u00faper Fiesta M\u00e1gica de Mario\u201d, este pr\u00f3ximo 1 de mayo en el Auditorio Municipal. El evento est\u00e1 dise\u00f1ado para brindar un espacio [&hellip;]<\/p>\n","protected":false},"author":5,"featured_media":71314,"comment_status":"open","ping_status":"open","sticky":false,"template":"","format":"standard","meta":{"footnotes":""},"categories":[220,216],"tags":[],"class_list":["post-71313","post","type-post","status-publish","format-standard","has-post-thumbnail","hentry","category-huamantla","category-municipios"],"amp_enabled":true,"_links":{"self":[{"href":"https:\/\/labestiapolitica.com.mx\/index.php?rest_route=\/wp\/v2\/posts\/71313","targetHints":{"allow":["GET"]}}],"collection":[{"href":"https:\/\/labestiapolitica.com.mx\/index.php?rest_route=\/wp\/v2\/posts"}],"about":[{"href":"https:\/\/labestiapolitica.com.mx\/index.php?rest_route=\/wp\/v2\/types\/post"}],"author":[{"embeddable":true,"href":"https:\/\/labestiapolitica.com.mx\/index.php?rest_route=\/wp\/v2\/users\/5"}],"replies":[{"embeddable":true,"href":"https:\/\/labestiapolitica.com.mx\/index.php?rest_route=%2Fwp%2Fv2%2Fcomments&post=71313"}],"version-history":[{"count":1,"href":"https:\/\/labestiapolitica.com.mx\/index.php?rest_route=\/wp\/v2\/posts\/71313\/revisions"}],"predecessor-version":[{"id":71315,"href":"https:\/\/labestiapolitica.com.mx\/index.php?rest_route=\/wp\/v2\/posts\/71313\/revisions\/71315"}],"wp:featuredmedia":[{"embeddable":true,"href":"https:\/\/labestiapolitica.com.mx\/index.php?rest_route=\/wp\/v2\/media\/71314"}],"wp:attachment":[{"href":"https:\/\/labestiapolitica.com.mx\/index.php?rest_route=%2Fwp%2Fv2%2Fmedia&parent=71313"}],"wp:term":[{"taxonomy":"category","embeddable":true,"href":"https:\/\/labestiapolitica.com.mx\/index.php?rest_route=%2Fwp%2Fv2%2Fcategories&post=71313"},{"taxonomy":"post_tag","embeddable":true,"href":"https:\/\/labestiapolitica.com.mx\/index.php?rest_route=%2Fwp%2Fv2%2Ftags&post=71313"}],"curies":[{"name":"wp","href":"https:\/\/api.w.org\/{rel}","templated":true}]}}