{"id":71317,"date":"2026-04-28T11:49:45","date_gmt":"2026-04-28T17:49:45","guid":{"rendered":"https:\/\/labestiapolitica.com.mx\/?p=71317"},"modified":"2026-04-28T11:56:17","modified_gmt":"2026-04-28T17:56:17","slug":"propone-sandra-aguilar-prima-de-antiguedad-para-servidores-publicos-de-base-en-tlaxcala","status":"publish","type":"post","link":"https:\/\/labestiapolitica.com.mx\/?p=71317","title":{"rendered":"Propone Sandra Aguilar \u00abPrima de Antig\u00fcedad\u00bb para Servidores P\u00fablicos de Base en Tlaxcala."},"content":{"rendered":"<ul>\n<li style=\"text-align: justify;\"><em><strong>La iniciativa busca reformar la ley estatal para reconocer econ\u00f3micamente los a\u00f1os de servicio de los trabajadores de base, con un pago equivalente a 12 d\u00edas de salario m\u00ednimo por cada a\u00f1o laborado.<\/strong><\/em><\/li>\n<\/ul>\n<p style=\"text-align: justify;\"><em><strong>Mariana LOVERA<\/strong><\/em> | En un esfuerzo por reforzar la justicia laboral y la seguridad social de los empleados del estado, la Diputada Sandra Guadalupe Aguilar Vega, del Partido Revolucionario Institucional (PRI), present\u00f3 una iniciativa para reformar y adicionar diversas disposiciones a la Ley Laboral de los Servidores P\u00fablicos del Estado de Tlaxcala y sus Municipios.<\/p>\n<p style=\"text-align: justify;\">La propuesta, tiene como n\u00facleo central la creaci\u00f3n de un derecho hasta ahora no contemplado en la legislaci\u00f3n estatal: la Prima de Antig\u00fcedad para trabajadores de base o de contrato determinado.<\/p>\n<p style=\"text-align: justify;\">En su exposici\u00f3n de motivos, la legisladora record\u00f3 que la antig\u00fcedad laboral es un derecho constitucionalmente reconocido en el art\u00edculo 123 de la Constituci\u00f3n Pol\u00edtica de los Estados Unidos Mexicanos y est\u00e1 ampliamente regulado por la Ley Federal del Trabajo. Sin embargo, se\u00f1al\u00f3 que la ley local no contemplaba de manera expresa esta prestaci\u00f3n, generando un vac\u00edo legal para los servidores p\u00fablicos que dedican gran parte de su vida laboral al servicio del estado.<\/p>\n<p style=\"text-align: justify;\">\u00abReconocemos la necesidad de proteger a quienes tienen derecho a computar antig\u00fcedad, excluyendo a los contratados bajo la categor\u00eda de &#8216;confianza&#8217; o &#8216;tiempo determinado&#8217;, quienes no gozan de este derecho\u00bb, argument\u00f3 la diputada.<\/p>\n<p style=\"text-align: justify;\">De aprobarse el decreto, el Cap\u00edtulo Cuarto de la ley estatal pasar\u00eda de denominarse \u00abVacaciones y Prima Vacacional\u00bb a \u00abVacaciones, Prima Vacacional y Prima de Antig\u00fcedad\u00bb, incorporando los art\u00edculos 32 BIS y 32 TER.<\/p>\n<p style=\"text-align: justify;\">El art\u00edculo 32 BIS establece que los servidores p\u00fablicos de base tendr\u00e1n derecho a una prima equivalente a doce d\u00edas de salario m\u00ednimo general vigente (m\u00e1s prestaciones del \u00faltimo cargo) por cada a\u00f1o de servicios prestados.<\/p>\n<p style=\"text-align: justify;\">Esta prestaci\u00f3n deber\u00e1 pagarse en tres supuestos espec\u00edficos:<\/p>\n<p style=\"text-align: justify;\">1. Cuando el trabajador se separe voluntariamente del empleo tras cumplir al menos 15 a\u00f1os de servicio.<br \/>\n2. Cuando sea separado por decisi\u00f3n del empleador (sea justificada o injustificadamente).<br \/>\n3. En caso de separaci\u00f3n por causa justificada.<\/p>\n<p style=\"text-align: justify;\">Uno de los puntos sensibles que atiende la iniciativa es el retiro involuntario por causa de muerte. La adici\u00f3n del Art\u00edculo 32 TER especifica que, en caso de fallecimiento o declaraci\u00f3n de ausencia del trabajador \u2014sin importar su antig\u00fcedad\u2014, la prima deber\u00e1 pagarse a sus beneficiarios designados o herederos leg\u00edtimos en un plazo no mayor a 30 d\u00edas h\u00e1biles, conforme al C\u00f3digo Civil del Estado.<\/p>\n<p style=\"text-align: justify;\">La diputada Aguilar Vega subray\u00f3 que el objetivo no solo es otorgar certeza jur\u00eddica, sino tambi\u00e9n \u00abreconocer formalmente a la antig\u00fcedad laboral como un derecho social\u00bb y compensar los a\u00f1os de servicio p\u00fablico para contribuir a una \u00abvida digna\u00bb de los trabajadores.<\/p>\n","protected":false},"excerpt":{"rendered":"<p>La iniciativa busca reformar la ley estatal para reconocer econ\u00f3micamente los a\u00f1os de servicio de los trabajadores de base, con un pago equivalente a 12 d\u00edas de salario m\u00ednimo por cada a\u00f1o laborado. Mariana LOVERA | En un esfuerzo por reforzar la justicia laboral y la seguridad social de los empleados del estado, la Diputada [&hellip;]<\/p>\n","protected":false},"author":6,"featured_media":71318,"comment_status":"open","ping_status":"open","sticky":false,"template":"","format":"standard","meta":{"footnotes":""},"categories":[3,247],"tags":[],"class_list":["post-71317","post","type-post","status-publish","format-standard","has-post-thumbnail","hentry","category-8-columnas","category-politica"],"amp_enabled":true,"_links":{"self":[{"href":"https:\/\/labestiapolitica.com.mx\/index.php?rest_route=\/wp\/v2\/posts\/71317","targetHints":{"allow":["GET"]}}],"collection":[{"href":"https:\/\/labestiapolitica.com.mx\/index.php?rest_route=\/wp\/v2\/posts"}],"about":[{"href":"https:\/\/labestiapolitica.com.mx\/index.php?rest_route=\/wp\/v2\/types\/post"}],"author":[{"embeddable":true,"href":"https:\/\/labestiapolitica.com.mx\/index.php?rest_route=\/wp\/v2\/users\/6"}],"replies":[{"embeddable":true,"href":"https:\/\/labestiapolitica.com.mx\/index.php?rest_route=%2Fwp%2Fv2%2Fcomments&post=71317"}],"version-history":[{"count":1,"href":"https:\/\/labestiapolitica.com.mx\/index.php?rest_route=\/wp\/v2\/posts\/71317\/revisions"}],"predecessor-version":[{"id":71319,"href":"https:\/\/labestiapolitica.com.mx\/index.php?rest_route=\/wp\/v2\/posts\/71317\/revisions\/71319"}],"wp:featuredmedia":[{"embeddable":true,"href":"https:\/\/labestiapolitica.com.mx\/index.php?rest_route=\/wp\/v2\/media\/71318"}],"wp:attachment":[{"href":"https:\/\/labestiapolitica.com.mx\/index.php?rest_route=%2Fwp%2Fv2%2Fmedia&parent=71317"}],"wp:term":[{"taxonomy":"category","embeddable":true,"href":"https:\/\/labestiapolitica.com.mx\/index.php?rest_route=%2Fwp%2Fv2%2Fcategories&post=71317"},{"taxonomy":"post_tag","embeddable":true,"href":"https:\/\/labestiapolitica.com.mx\/index.php?rest_route=%2Fwp%2Fv2%2Ftags&post=71317"}],"curies":[{"name":"wp","href":"https:\/\/api.w.org\/{rel}","templated":true}]}}