{"id":71320,"date":"2026-04-28T11:53:18","date_gmt":"2026-04-28T17:53:18","guid":{"rendered":"https:\/\/labestiapolitica.com.mx\/?p=71320"},"modified":"2026-04-28T11:53:18","modified_gmt":"2026-04-28T17:53:18","slug":"trabajadores-de-galia-protestan-frente-al-imss-exigen-que-el-instituto-siga-comprandole-sus-insumos","status":"publish","type":"post","link":"https:\/\/labestiapolitica.com.mx\/?p=71320","title":{"rendered":"Trabajadores de \u201cGalia\u201d protestan frente al IMSS, exigen que el instituto siga compr\u00e1ndole sus insumos."},"content":{"rendered":"<p style=\"text-align: justify;\"><em><strong>Demian M\u00e1rquez<\/strong><\/em> | Decenas de trabajadores de las empresas Galia Textil y Acabados Galia se manifestaron este martes frente a oficinas del Instituto Mexicano del Seguro Social para denunciar el recorte de alrededor de 500 empleos, medida que atribuyen a la ca\u00edda en pedidos de insumos m\u00e9dicos fabricados por la compa\u00f1\u00eda.<\/p>\n<p style=\"text-align: justify;\">Los inconformes se\u00f1alaron que la empresa, instalada en el corredor industrial de Santa Isabel Xiloxoxtla, produce vendas, yesos y diversos materiales quir\u00fargicos que durante a\u00f1os fueron adquiridos por el IMSS.<\/p>\n<p style=\"text-align: justify;\">Sin embargo, aseguraron que recientemente esos contratos disminuyeron, lo que impact\u00f3 directamente en la producci\u00f3n y en la estabilidad laboral de la plantilla.<\/p>\n<p style=\"text-align: justify;\">El dirigente estatal de la CROC, Eduardo V\u00e1zquez Mart\u00ednez, afirm\u00f3 que cerca de 700 personas participaron en la protesta pac\u00edfica y pidi\u00f3 la intervenci\u00f3n del director general del IMSS, Zo\u00e9 Robledo, para revisar las decisiones de compra que, dijo, est\u00e1n provocando p\u00e9rdida de empleos en Tlaxcala.<\/p>\n<p style=\"text-align: justify;\">De acuerdo con el l\u00edder sindical, la empresa hab\u00eda intentado evitar despidos desde meses atr\u00e1s mediante vacaciones adelantadas y paros t\u00e9cnicos durante diciembre, enero, febrero, marzo y parte de abril.<\/p>\n<p style=\"text-align: justify;\">No obstante, sostuvo que la reducci\u00f3n de pedidos volvi\u00f3 insostenible mantener toda la plantilla laboral.<\/p>\n<p style=\"text-align: justify;\">Los trabajadores advirtieron que entre las personas afectadas hay empleados con m\u00e1s de dos d\u00e9cadas de antig\u00fcedad, as\u00ed como madres y padres de familia cuyo salario representa el \u00fanico ingreso en sus hogares.<\/p>\n<p style=\"text-align: justify;\">Por ello, exigieron alternativas que permitan conservar las fuentes de empleo.<\/p>\n<p style=\"text-align: justify;\">Hasta el momento, ni el IMSS ni la empresa han emitido una postura p\u00fablica sobre la manifestaci\u00f3n y el posible reajuste laboral.<\/p>\n","protected":false},"excerpt":{"rendered":"<p>Demian M\u00e1rquez | Decenas de trabajadores de las empresas Galia Textil y Acabados Galia se manifestaron este martes frente a oficinas del Instituto Mexicano del Seguro Social para denunciar el recorte de alrededor de 500 empleos, medida que atribuyen a la ca\u00edda en pedidos de insumos m\u00e9dicos fabricados por la compa\u00f1\u00eda. Los inconformes se\u00f1alaron que [&hellip;]<\/p>\n","protected":false},"author":5,"featured_media":71321,"comment_status":"open","ping_status":"open","sticky":false,"template":"","format":"standard","meta":{"footnotes":""},"categories":[3,12],"tags":[],"class_list":["post-71320","post","type-post","status-publish","format-standard","has-post-thumbnail","hentry","category-8-columnas","category-brujula-2026"],"amp_enabled":true,"_links":{"self":[{"href":"https:\/\/labestiapolitica.com.mx\/index.php?rest_route=\/wp\/v2\/posts\/71320","targetHints":{"allow":["GET"]}}],"collection":[{"href":"https:\/\/labestiapolitica.com.mx\/index.php?rest_route=\/wp\/v2\/posts"}],"about":[{"href":"https:\/\/labestiapolitica.com.mx\/index.php?rest_route=\/wp\/v2\/types\/post"}],"author":[{"embeddable":true,"href":"https:\/\/labestiapolitica.com.mx\/index.php?rest_route=\/wp\/v2\/users\/5"}],"replies":[{"embeddable":true,"href":"https:\/\/labestiapolitica.com.mx\/index.php?rest_route=%2Fwp%2Fv2%2Fcomments&post=71320"}],"version-history":[{"count":1,"href":"https:\/\/labestiapolitica.com.mx\/index.php?rest_route=\/wp\/v2\/posts\/71320\/revisions"}],"predecessor-version":[{"id":71322,"href":"https:\/\/labestiapolitica.com.mx\/index.php?rest_route=\/wp\/v2\/posts\/71320\/revisions\/71322"}],"wp:featuredmedia":[{"embeddable":true,"href":"https:\/\/labestiapolitica.com.mx\/index.php?rest_route=\/wp\/v2\/media\/71321"}],"wp:attachment":[{"href":"https:\/\/labestiapolitica.com.mx\/index.php?rest_route=%2Fwp%2Fv2%2Fmedia&parent=71320"}],"wp:term":[{"taxonomy":"category","embeddable":true,"href":"https:\/\/labestiapolitica.com.mx\/index.php?rest_route=%2Fwp%2Fv2%2Fcategories&post=71320"},{"taxonomy":"post_tag","embeddable":true,"href":"https:\/\/labestiapolitica.com.mx\/index.php?rest_route=%2Fwp%2Fv2%2Ftags&post=71320"}],"curies":[{"name":"wp","href":"https:\/\/api.w.org\/{rel}","templated":true}]}}