{"id":71323,"date":"2026-04-28T11:58:25","date_gmt":"2026-04-28T17:58:25","guid":{"rendered":"https:\/\/labestiapolitica.com.mx\/?p=71323"},"modified":"2026-04-28T11:58:36","modified_gmt":"2026-04-28T17:58:36","slug":"71323","status":"publish","type":"post","link":"https:\/\/labestiapolitica.com.mx\/?p=71323","title":{"rendered":"PAN abre puertas a la ciudadan\u00eda en #Nativitas con \u201cAhora te toca a ti\u201d."},"content":{"rendered":"<p style=\"text-align: justify;\">Sergio Moreno de Sampedro (docente), Paola Flores Mej\u00eda (universitaria) y Ariana Ruiz Tepepa (abogada) coincidieron en impulsar la educaci\u00f3n, dar voz a los j\u00f3venes y abrir la pol\u00edtica a la ciudadan\u00eda.<\/p>\n<p style=\"text-align: justify;\">El Partido Acci\u00f3n Nacional (PAN) llev\u00f3 a Nativitas una nueva jornada de su campa\u00f1a \u201cAhora te toca a ti\u201d, una acci\u00f3n que busca algo claro: acercar la pol\u00edtica a la gente y convertir a los ciudadanos en protagonistas.<\/p>\n<p style=\"text-align: justify;\">Lejos de los formatos tradicionales, el encuentro reuni\u00f3 a liderazgos locales, j\u00f3venes profesionistas y vecinos interesados en dar el siguiente paso: participar, proponer y, por qu\u00e9 no, contender por un cargo p\u00fablico.<\/p>\n<p style=\"text-align: justify;\">Desde la trinchera ciudadana, el docente Sergio Moreno de Sampedro, puso sobre la mesa un tema central: la educaci\u00f3n como motor de transformaci\u00f3n. Se\u00f1al\u00f3 que maestros y j\u00f3venes tienen que involucrarse m\u00e1s en lo p\u00fablico si se quiere construir un mejor futuro.<\/p>\n<p style=\"text-align: justify;\">\u00abSer docente me ha permitido saber que el cambio comienza en las aulas y hoy es tiempo de abordar nuevos desaf\u00edos a trav\u00e9s de los partidos pol\u00edticos y hoy reconozco que el PAN abra sus puertas\u00bb, expres\u00f3.<\/p>\n<p style=\"text-align: justify;\">Esa idea reson\u00f3 con la universitaria Paola Flores Mej\u00eda, quien celebr\u00f3 que, despu\u00e9s de a\u00f1os de exclusi\u00f3n, las nuevas generaciones comiencen a tener espacios reales en la toma de decisiones. \u00abDesde este municipio levanto la voz y queremos ser parte en la toma de decisiones\u00bb.<\/p>\n<p style=\"text-align: justify;\">En la misma l\u00ednea, la abogada Ariana Ruiz Tepepa lanz\u00f3 un mensaje contundente: la pol\u00edtica no puede seguir siendo un c\u00edrculo cerrado. \u201cDebe convertirse en una v\u00eda accesible para profesionistas, estudiantes, emprendedores y cualquier ciudadano con vocaci\u00f3n de servicio\u201d, afirm\u00f3.<\/p>\n<p style=\"text-align: justify;\">\u00abDurante mucho tiempo la pol\u00edtica solo era para unos cuantos, un espacio donde la voz ciudadana no encontraba eco. el PAN entendi\u00f3 que M\u00e9xico no necesita mas de lo mismo y que M\u00e9xico no necesita mas de lo mismo, por lo que es momento de involucrarse\u00bb, detall\u00f3.<\/p>\n<p style=\"text-align: justify;\">La diputada local Miriam Mart\u00ednez S\u00e1nchez fue directa en su mensaje: se trata de devolverle la voz a la ciudadan\u00eda. \u201cHay personas con ganas reales de cambiar las cosas, y este es el momento de abrirles la puerta\u201d,sentenci\u00f3.<\/p>\n<p style=\"text-align: justify;\">Nativitas, subray\u00f3, no es cualquier punto del mapa: su actividad agr\u00edcola, comercial y cultural lo convierten en un municipio clave en el sur de Tlaxcala, con peso propio en la vida pol\u00edtica del estado.<\/p>\n<p style=\"text-align: justify;\">El cierre corri\u00f3 a cargo del dirigente estatal, \u00c1ngelo Guti\u00e9rrez Hern\u00e1ndez, quien destac\u00f3 que la gira ya ha recorrido varios municipios como Tlaxcala capital, San Pablo del Monte, Nativitas, y la pr\u00f3xima parada es Santa Ana Nopalucan.<\/p>\n<p style=\"text-align: justify;\">Adem\u00e1s, explic\u00f3 que el PAN ha apostado por herramientas digitales: a trav\u00e9s de una app, los ciudadanos pueden afiliarse, conocer m\u00e1s del partido o registrarse como aspirantes a cargos de elecci\u00f3n popular.<\/p>\n<p style=\"text-align: justify;\">Finalmente, revel\u00f3 que la ruta contin\u00faa y que la campa\u00f1a seguir\u00e1 visitando distintas regiones del estado con un objetivo en mente: escuchar, sumar voces y construir propuestas en temas que hoy preocupan a las familias tlaxcaltecas, como seguridad, empleo, salud y apoyo al campo.<\/p>\n","protected":false},"excerpt":{"rendered":"<p>Sergio Moreno de Sampedro (docente), Paola Flores Mej\u00eda (universitaria) y Ariana Ruiz Tepepa (abogada) coincidieron en impulsar la educaci\u00f3n, dar voz a los j\u00f3venes y abrir la pol\u00edtica a la ciudadan\u00eda. El Partido Acci\u00f3n Nacional (PAN) llev\u00f3 a Nativitas una nueva jornada de su campa\u00f1a \u201cAhora te toca a ti\u201d, una acci\u00f3n que busca algo [&hellip;]<\/p>\n","protected":false},"author":5,"featured_media":71324,"comment_status":"open","ping_status":"open","sticky":false,"template":"","format":"standard","meta":{"footnotes":""},"categories":[248,264,247],"tags":[],"class_list":["post-71323","post","type-post","status-publish","format-standard","has-post-thumbnail","hentry","category-pan","category-partidos-politicos","category-politica"],"amp_enabled":true,"_links":{"self":[{"href":"https:\/\/labestiapolitica.com.mx\/index.php?rest_route=\/wp\/v2\/posts\/71323","targetHints":{"allow":["GET"]}}],"collection":[{"href":"https:\/\/labestiapolitica.com.mx\/index.php?rest_route=\/wp\/v2\/posts"}],"about":[{"href":"https:\/\/labestiapolitica.com.mx\/index.php?rest_route=\/wp\/v2\/types\/post"}],"author":[{"embeddable":true,"href":"https:\/\/labestiapolitica.com.mx\/index.php?rest_route=\/wp\/v2\/users\/5"}],"replies":[{"embeddable":true,"href":"https:\/\/labestiapolitica.com.mx\/index.php?rest_route=%2Fwp%2Fv2%2Fcomments&post=71323"}],"version-history":[{"count":2,"href":"https:\/\/labestiapolitica.com.mx\/index.php?rest_route=\/wp\/v2\/posts\/71323\/revisions"}],"predecessor-version":[{"id":71326,"href":"https:\/\/labestiapolitica.com.mx\/index.php?rest_route=\/wp\/v2\/posts\/71323\/revisions\/71326"}],"wp:featuredmedia":[{"embeddable":true,"href":"https:\/\/labestiapolitica.com.mx\/index.php?rest_route=\/wp\/v2\/media\/71324"}],"wp:attachment":[{"href":"https:\/\/labestiapolitica.com.mx\/index.php?rest_route=%2Fwp%2Fv2%2Fmedia&parent=71323"}],"wp:term":[{"taxonomy":"category","embeddable":true,"href":"https:\/\/labestiapolitica.com.mx\/index.php?rest_route=%2Fwp%2Fv2%2Fcategories&post=71323"},{"taxonomy":"post_tag","embeddable":true,"href":"https:\/\/labestiapolitica.com.mx\/index.php?rest_route=%2Fwp%2Fv2%2Ftags&post=71323"}],"curies":[{"name":"wp","href":"https:\/\/api.w.org\/{rel}","templated":true}]}}