{"id":71336,"date":"2026-04-28T12:15:58","date_gmt":"2026-04-28T18:15:58","guid":{"rendered":"https:\/\/labestiapolitica.com.mx\/?p=71336"},"modified":"2026-04-28T12:15:58","modified_gmt":"2026-04-28T18:15:58","slug":"nuevo-acceso-al-banco-de-alimentos-impulsa-movilidad-y-bienestar-en-san-sebastian-atlahapa","status":"publish","type":"post","link":"https:\/\/labestiapolitica.com.mx\/?p=71336","title":{"rendered":"Nuevo acceso al Banco de Alimentos impulsa movilidad y bienestar en San Sebasti\u00e1n Atlahapa."},"content":{"rendered":"<ul>\n<li style=\"text-align: justify;\">La gobernadora Lorena Cu\u00e9llar Cisneros encabez\u00f3 la entrega de esta obra que fortalece la entrega de apoyos y mejora la calidad de vida en la capital.<\/li>\n<\/ul>\n<p style=\"text-align: justify;\">En un acto que reafirma el compromiso social de su administraci\u00f3n, la gobernadora Lorena Cu\u00e9llar Cisneros encabez\u00f3 la entrega del camino de acceso al Banco de Alimentos en la comunidad de San Sebasti\u00e1n Atlahapa de Tlaxcala, una obra que busca mejorar la conectividad y acercar apoyos a quienes m\u00e1s lo necesitan.<\/p>\n<p style=\"text-align: justify;\">Durante su intervenci\u00f3n, destac\u00f3 el trabajo coordinado con el ayuntamiento y subray\u00f3 la importancia de mantener una relaci\u00f3n cercana con la ciudadan\u00eda: \u201cSer funcionarios es lo m\u00e1s cercano a la gente, el trato directo con la gente, el caminar con la gente, el estar todo el tiempo cerca\u201d, expres\u00f3, al reconocer el trabajo conjunto con el alcalde.<\/p>\n<p style=\"text-align: justify;\">Cu\u00e9llar Cisneros celebr\u00f3 la llegada del Banco de Alimentos a la zona y el impacto que tendr\u00e1 en la poblaci\u00f3n, pues \u201caqu\u00ed van a poder llegar mujeres a hacer trabajo voluntario y en gratitud se les va a dar su despensa totalmente gratuita para las mujeres m\u00e1s necesitadas\u201d.<\/p>\n<p style=\"text-align: justify;\">\u201cHoy estamos inaugurando este camino de acceso al Banco de Alimentos y me da mucho gusto que aqu\u00ed vaya a estar porque va a poder ayudar a muchas mujeres de muchos lugares, este espacio permitir\u00e1 fortalecer el trabajo comunitario, este proyecto vincula movilidad, solidaridad y bienestar social\u201d, afirm\u00f3.<\/p>\n<p style=\"text-align: justify;\">Tambi\u00e9n resalt\u00f3 los avances en infraestructura y programas sociales en la capital, donde se han invertido m\u00e1s de mil 900 millones de pesos, adem\u00e1s de anunciar nuevos proyectos como la Ciudad de la Familia, espacios culturales y obras de inclusi\u00f3n.<\/p>\n<p style=\"text-align: justify;\">En su oportunidad, el secretario de Infraestructura, Eduardo Rub\u00e9n Hern\u00e1ndez Tapia, explic\u00f3 que la vialidad responde a una demanda hist\u00f3rica, \u201cera una calle que la ciudadan\u00eda solicit\u00f3 durante muchos a\u00f1os, con much\u00edsimos accidentes y mucha inseguridad, pero hoy ya es una realidad\u201d.<\/p>\n<p style=\"text-align: justify;\">Detall\u00f3 que la obra cont\u00f3 con una inversi\u00f3n de m\u00e1s de 12.7 millones de pesos e incluy\u00f3 pavimentaci\u00f3n, drenaje, agua potable, alumbrado y se\u00f1alizaci\u00f3n, beneficiando directamente a m\u00e1s de 6 mil 500 habitantes.<\/p>\n<p style=\"text-align: justify;\">El presidente de Tlaxcala, Alfonso S\u00e1nchez Garc\u00eda, agradeci\u00f3 el respaldo estatal y resalt\u00f3 el impacto de la obra: \u201cHoy no solo se inaugura una vialidad importante, se abre una ruta que permitir\u00e1 que la ayuda llegue con mayor oportunidad y en mejores condiciones a quienes m\u00e1s lo necesitan\u201d, dijo.<\/p>\n<p style=\"text-align: justify;\">Asimismo, puntualiz\u00f3 que esta infraestructura no solo beneficiar\u00e1 al Banco de Alimentos, sino a toda la comunidad: \u201cLo que durante a\u00f1os fue una dificultad, especialmente en temporada de lluvias, hoy es una v\u00eda segura y funcional, la infraestructura cobra sentido porque est\u00e1 al servicio de una causa humana\u201d.<\/p>\n<p style=\"text-align: justify;\">Por \u00faltimo, la diputada local Mada\u00ed P\u00e9rez Carrillo destac\u00f3 el enfoque social de la obra p\u00fablica impulsada en la entidad: \u201cEste camino de acceso al Banco de Alimentos es una obra integral, pero m\u00e1s all\u00e1 de su dimensi\u00f3n t\u00e9cnica, su verdadero valor radica en su impacto social\u201d, sostuvo.<\/p>\n","protected":false},"excerpt":{"rendered":"<p>La gobernadora Lorena Cu\u00e9llar Cisneros encabez\u00f3 la entrega de esta obra que fortalece la entrega de apoyos y mejora la calidad de vida en la capital. En un acto que reafirma el compromiso social de su administraci\u00f3n, la gobernadora Lorena Cu\u00e9llar Cisneros encabez\u00f3 la entrega del camino de acceso al Banco de Alimentos en la [&hellip;]<\/p>\n","protected":false},"author":5,"featured_media":71337,"comment_status":"open","ping_status":"open","sticky":false,"template":"","format":"standard","meta":{"footnotes":""},"categories":[236],"tags":[],"class_list":["post-71336","post","type-post","status-publish","format-standard","has-post-thumbnail","hentry","category-gobierno-de-tlaxcala"],"amp_enabled":true,"_links":{"self":[{"href":"https:\/\/labestiapolitica.com.mx\/index.php?rest_route=\/wp\/v2\/posts\/71336","targetHints":{"allow":["GET"]}}],"collection":[{"href":"https:\/\/labestiapolitica.com.mx\/index.php?rest_route=\/wp\/v2\/posts"}],"about":[{"href":"https:\/\/labestiapolitica.com.mx\/index.php?rest_route=\/wp\/v2\/types\/post"}],"author":[{"embeddable":true,"href":"https:\/\/labestiapolitica.com.mx\/index.php?rest_route=\/wp\/v2\/users\/5"}],"replies":[{"embeddable":true,"href":"https:\/\/labestiapolitica.com.mx\/index.php?rest_route=%2Fwp%2Fv2%2Fcomments&post=71336"}],"version-history":[{"count":1,"href":"https:\/\/labestiapolitica.com.mx\/index.php?rest_route=\/wp\/v2\/posts\/71336\/revisions"}],"predecessor-version":[{"id":71338,"href":"https:\/\/labestiapolitica.com.mx\/index.php?rest_route=\/wp\/v2\/posts\/71336\/revisions\/71338"}],"wp:featuredmedia":[{"embeddable":true,"href":"https:\/\/labestiapolitica.com.mx\/index.php?rest_route=\/wp\/v2\/media\/71337"}],"wp:attachment":[{"href":"https:\/\/labestiapolitica.com.mx\/index.php?rest_route=%2Fwp%2Fv2%2Fmedia&parent=71336"}],"wp:term":[{"taxonomy":"category","embeddable":true,"href":"https:\/\/labestiapolitica.com.mx\/index.php?rest_route=%2Fwp%2Fv2%2Fcategories&post=71336"},{"taxonomy":"post_tag","embeddable":true,"href":"https:\/\/labestiapolitica.com.mx\/index.php?rest_route=%2Fwp%2Fv2%2Ftags&post=71336"}],"curies":[{"name":"wp","href":"https:\/\/api.w.org\/{rel}","templated":true}]}}