{"id":71339,"date":"2026-04-28T12:18:33","date_gmt":"2026-04-28T18:18:33","guid":{"rendered":"https:\/\/labestiapolitica.com.mx\/?p=71339"},"modified":"2026-04-28T12:18:33","modified_gmt":"2026-04-28T18:18:33","slug":"los-cambios-son-buenos-ray-vazquez-conchas-sobre-relevo-en-morena","status":"publish","type":"post","link":"https:\/\/labestiapolitica.com.mx\/?p=71339","title":{"rendered":"\u201cLos cambios son buenos\u201d: Ray V\u00e1zquez Conchas; sobre relevo en Morena."},"content":{"rendered":"<ul>\n<li style=\"font-weight: 400; text-align: justify;\"><em>El Legislador Federal por Tlaxcala destac\u00f3 que la Presidenta Claudia Sheinbaum pidi\u00f3 cuidar a los gobiernos de la cuarta transformaci\u00f3n.<\/em><\/li>\n<\/ul>\n<p style=\"font-weight: 400; text-align: justify;\">El Diputado Federal de Tlaxcala, Raymundo V\u00e1zquez Conchas, consider\u00f3 que los cambios son buenos en relaci\u00f3n a la reestructuraci\u00f3n de la presidencia nacional de Morena, que hasta el d\u00eda de hoy encabeza Luisa Mar\u00eda Alcalde, pero quien ahora atender\u00e1 la invitaci\u00f3n de la Presidenta Claudia Sheinbaum Pardo para integrarse como titular de la Consejer\u00eda Jur\u00eddica del gobierno federal.<\/p>\n<p style=\"font-weight: 400; text-align: justify;\">En su tradicional conferencia de prensa, el Congresista estuvo acompa\u00f1ado por productores de orqu\u00eddeas de Bel\u00e9n Atzitzimititl\u00e1n, municipio de San Pablo Apetatitl\u00e1n, quienes invitaron al Festival de la Orqu\u00eddea el pr\u00f3ximo 8, 9 y 10 de mayo para que la gente conozca m\u00e1s sobre el microclima que hace posible la floraci\u00f3n y cosecha de la planta, adem\u00e1s, estuvieron presentes amigas y amigos de diferentes puntos del estado.<\/p>\n<p style=\"font-weight: 400; text-align: justify;\">Y ante los cuestionamientos de los medios de comunicaci\u00f3n, Ray V\u00e1zquez expres\u00f3 que hay acontecimientos que de un momento a otro cambian los proyectos, los diagn\u00f3sticos y los supuestos, y en pol\u00edtica; se tratan de ciclos.<\/p>\n<p style=\"font-weight: 400; text-align: justify;\">As\u00ed que para el pr\u00f3ximo domingo tres de mayo, el partido del Movimiento Regeneraci\u00f3n Nacional (Morena) ya ha convocado al VIII Congreso Nacional Extraordinario para abordar temas del Comit\u00e9 Ejecutivo Nacional y la integraci\u00f3n de la Comisi\u00f3n Nacional de Elecciones.<\/p>\n<p style=\"font-weight: 400; text-align: justify;\">Mientras tanto, el Legislador coment\u00f3 que la Presidenta de M\u00e9xico, Claudia Sheinbaum, invit\u00f3 a la ciudadan\u00eda y a los propios representantes populares alzar la voz sobre los gobiernos emanados de la Cuarta Transformaci\u00f3n, para denunciar las violaciones electorales que se hagan dentro de estos gobiernos y hacerlo con responsabilidad para defender la esperanza del pueblo.<\/p>\n<p style=\"font-weight: 400; text-align: justify;\">En este sentido, Ray V\u00e1zquez dijo que seguir\u00e1 atendiendo las denuncias que le hacen llegar los trabajadores del gobierno del estado, quienes le han pedido su intervenci\u00f3n para detener los abusos de los que son objeto, desde realizar actividades ajenas a sus \u00e1reas, trabajar fines de semana para levantar encuestas y estar en eventos considerados actos anticipados de campa\u00f1a para favorecer a ciertos personajes en la pol\u00edtica del Estado.<\/p>\n","protected":false},"excerpt":{"rendered":"<p>El Legislador Federal por Tlaxcala destac\u00f3 que la Presidenta Claudia Sheinbaum pidi\u00f3 cuidar a los gobiernos de la cuarta transformaci\u00f3n. El Diputado Federal de Tlaxcala, Raymundo V\u00e1zquez Conchas, consider\u00f3 que los cambios son buenos en relaci\u00f3n a la reestructuraci\u00f3n de la presidencia nacional de Morena, que hasta el d\u00eda de hoy encabeza Luisa Mar\u00eda Alcalde, [&hellip;]<\/p>\n","protected":false},"author":5,"featured_media":71340,"comment_status":"open","ping_status":"open","sticky":false,"template":"","format":"standard","meta":{"footnotes":""},"categories":[229,247],"tags":[],"class_list":["post-71339","post","type-post","status-publish","format-standard","has-post-thumbnail","hentry","category-camara-de-diputados","category-politica"],"amp_enabled":true,"_links":{"self":[{"href":"https:\/\/labestiapolitica.com.mx\/index.php?rest_route=\/wp\/v2\/posts\/71339","targetHints":{"allow":["GET"]}}],"collection":[{"href":"https:\/\/labestiapolitica.com.mx\/index.php?rest_route=\/wp\/v2\/posts"}],"about":[{"href":"https:\/\/labestiapolitica.com.mx\/index.php?rest_route=\/wp\/v2\/types\/post"}],"author":[{"embeddable":true,"href":"https:\/\/labestiapolitica.com.mx\/index.php?rest_route=\/wp\/v2\/users\/5"}],"replies":[{"embeddable":true,"href":"https:\/\/labestiapolitica.com.mx\/index.php?rest_route=%2Fwp%2Fv2%2Fcomments&post=71339"}],"version-history":[{"count":1,"href":"https:\/\/labestiapolitica.com.mx\/index.php?rest_route=\/wp\/v2\/posts\/71339\/revisions"}],"predecessor-version":[{"id":71341,"href":"https:\/\/labestiapolitica.com.mx\/index.php?rest_route=\/wp\/v2\/posts\/71339\/revisions\/71341"}],"wp:featuredmedia":[{"embeddable":true,"href":"https:\/\/labestiapolitica.com.mx\/index.php?rest_route=\/wp\/v2\/media\/71340"}],"wp:attachment":[{"href":"https:\/\/labestiapolitica.com.mx\/index.php?rest_route=%2Fwp%2Fv2%2Fmedia&parent=71339"}],"wp:term":[{"taxonomy":"category","embeddable":true,"href":"https:\/\/labestiapolitica.com.mx\/index.php?rest_route=%2Fwp%2Fv2%2Fcategories&post=71339"},{"taxonomy":"post_tag","embeddable":true,"href":"https:\/\/labestiapolitica.com.mx\/index.php?rest_route=%2Fwp%2Fv2%2Ftags&post=71339"}],"curies":[{"name":"wp","href":"https:\/\/api.w.org\/{rel}","templated":true}]}}