{"id":71355,"date":"2026-04-28T15:49:56","date_gmt":"2026-04-28T21:49:56","guid":{"rendered":"https:\/\/labestiapolitica.com.mx\/?p=71355"},"modified":"2026-04-28T15:50:24","modified_gmt":"2026-04-28T21:50:24","slug":"captura-de-el-jardinero-revela-presunta-red-de-extorsion-en-corredores-de-transporte-de-tlaxcala","status":"publish","type":"post","link":"https:\/\/labestiapolitica.com.mx\/?p=71355","title":{"rendered":"Captura de \u201cEl Jardinero\u201d revela presunta red de extorsi\u00f3n en corredores de transporte de Tlaxcala"},"content":{"rendered":"<p style=\"text-align: justify;\">Mariana LOVERA\/\/ La detenci\u00f3n de Audias N, alias \u201cEl Jardinero\u201d, identificado como uno de los principales operadores del C\u00e1rtel Jalisco Nueva Generaci\u00f3n, expuso el alcance de una presunta red de extorsi\u00f3n que habr\u00eda operado en rutas estrat\u00e9gicas de Tlaxcala con conexi\u00f3n hacia Puebla, especialmente en corredores de movilidad utilizados por empresas de transporte y carga.<\/p>\n<p style=\"text-align: justify;\">\nDurante una conferencia del Gabinete de Seguridad, el secretario Omar Garc\u00eda Harfuch inform\u00f3 que la captura de Audias N ocurri\u00f3 el lunes en el estado de Nayarit, como resultado de un operativo encabezado por la Secretar\u00eda de Marina.<\/p>\n<p style=\"text-align: justify;\">\nDe acuerdo con el reporte oficial, la influencia del presunto l\u00edder criminal no se limitaba al occidente del pa\u00eds. Las investigaciones se\u00f1alan que su estructura delictiva manten\u00eda presencia en regiones de Michoac\u00e1n, particularmente cerca de los l\u00edmites con Guerrero, as\u00ed como en las rutas log\u00edsticas que conectan a Tlaxcala con Puebla.<\/p>\n<p style=\"text-align: justify;\">\nEn el caso de Tlaxcala, las autoridades se\u00f1alaron que uno de los principales delitos atribuidos a esta red era la extorsi\u00f3n a transportistas. El esquema consist\u00eda en obligar a empresas de carga, combustible y autotransporte a registrar cada una de sus unidades ante el grupo criminal.<\/p>\n<p style=\"text-align: justify;\">\nLas v\u00edctimas deb\u00edan proporcionar informaci\u00f3n detallada como datos del veh\u00edculo, capacidad de carga, nombre del operador y destino final. Posteriormente, se les exig\u00edan pagos peri\u00f3dicos a cambio de una supuesta protecci\u00f3n, mecanismo con el que se presume se intentaba mantener control sobre las rutas de traslado.<\/p>\n<p style=\"text-align: justify;\">\nAdem\u00e1s de las investigaciones en M\u00e9xico, Audias N enfrenta una orden de detenci\u00f3n provisional con fines de extradici\u00f3n emitida por autoridades del Distrito de Columbia, en Estados Unidos, por delitos relacionados con asociaci\u00f3n delictuosa, delitos contra la salud y portaci\u00f3n de arma de fuego.<\/p>\n<p>&nbsp;<\/p>\n","protected":false},"excerpt":{"rendered":"<p>Mariana LOVERA\/\/ La detenci\u00f3n de Audias N, alias \u201cEl Jardinero\u201d, identificado como uno de los principales operadores del C\u00e1rtel Jalisco Nueva Generaci\u00f3n, expuso el alcance de una presunta red de extorsi\u00f3n que habr\u00eda operado en rutas estrat\u00e9gicas de Tlaxcala con conexi\u00f3n hacia Puebla, especialmente en corredores de movilidad utilizados por empresas de transporte y carga. [&hellip;]<\/p>\n","protected":false},"author":6,"featured_media":71356,"comment_status":"open","ping_status":"open","sticky":false,"template":"","format":"standard","meta":{"footnotes":""},"categories":[3,7,10],"tags":[],"class_list":["post-71355","post","type-post","status-publish","format-standard","has-post-thumbnail","hentry","category-8-columnas","category-ciudadanos","category-nacional-e-internacional"],"amp_enabled":true,"_links":{"self":[{"href":"https:\/\/labestiapolitica.com.mx\/index.php?rest_route=\/wp\/v2\/posts\/71355","targetHints":{"allow":["GET"]}}],"collection":[{"href":"https:\/\/labestiapolitica.com.mx\/index.php?rest_route=\/wp\/v2\/posts"}],"about":[{"href":"https:\/\/labestiapolitica.com.mx\/index.php?rest_route=\/wp\/v2\/types\/post"}],"author":[{"embeddable":true,"href":"https:\/\/labestiapolitica.com.mx\/index.php?rest_route=\/wp\/v2\/users\/6"}],"replies":[{"embeddable":true,"href":"https:\/\/labestiapolitica.com.mx\/index.php?rest_route=%2Fwp%2Fv2%2Fcomments&post=71355"}],"version-history":[{"count":1,"href":"https:\/\/labestiapolitica.com.mx\/index.php?rest_route=\/wp\/v2\/posts\/71355\/revisions"}],"predecessor-version":[{"id":71357,"href":"https:\/\/labestiapolitica.com.mx\/index.php?rest_route=\/wp\/v2\/posts\/71355\/revisions\/71357"}],"wp:featuredmedia":[{"embeddable":true,"href":"https:\/\/labestiapolitica.com.mx\/index.php?rest_route=\/wp\/v2\/media\/71356"}],"wp:attachment":[{"href":"https:\/\/labestiapolitica.com.mx\/index.php?rest_route=%2Fwp%2Fv2%2Fmedia&parent=71355"}],"wp:term":[{"taxonomy":"category","embeddable":true,"href":"https:\/\/labestiapolitica.com.mx\/index.php?rest_route=%2Fwp%2Fv2%2Fcategories&post=71355"},{"taxonomy":"post_tag","embeddable":true,"href":"https:\/\/labestiapolitica.com.mx\/index.php?rest_route=%2Fwp%2Fv2%2Ftags&post=71355"}],"curies":[{"name":"wp","href":"https:\/\/api.w.org\/{rel}","templated":true}]}}