{"id":71358,"date":"2026-04-28T16:20:10","date_gmt":"2026-04-28T22:20:10","guid":{"rendered":"https:\/\/labestiapolitica.com.mx\/?p=71358"},"modified":"2026-04-28T16:20:27","modified_gmt":"2026-04-28T22:20:27","slug":"garantizada-liquidacion-total-para-despedidos-de-galia-textil-gobierno-ofrecera-vinculacion-laboral","status":"publish","type":"post","link":"https:\/\/labestiapolitica.com.mx\/?p=71358","title":{"rendered":"Garantizada liquidaci\u00f3n total para despedidos de Galia Textil; Gobierno ofrecer\u00e1 vinculaci\u00f3n laboral"},"content":{"rendered":"<ul>\n<li style=\"text-align: justify;\">El secretario de Trabajo, No\u00e9 Altamirano Islas, asegur\u00f3 que la empresa est\u00e1 en la mejor disposici\u00f3n de cumplir con la ley y que el gobierno estatal dar\u00e1 acompa\u00f1amiento a los afectados.<\/li>\n<\/ul>\n<p style=\"text-align: justify;\">Mariana LOVERA\/\/ Tras la manifestaci\u00f3n de decenas de trabajadores de Galia Textil y Acabados Galia frente a las oficinas del Instituto Mexicano del Seguro Social (IMSS) por el despido de alrededor de 500 empleados, el secretario de Trabajo y Competitividad de Tlaxcala, No\u00e9 Altamirano Islas, inform\u00f3 que el gobierno estatal dar\u00e1 seguimiento al caso para garantizar que los afectados sean liquidados conforme a la ley.<\/p>\n<p style=\"text-align: justify;\">En entrevista, el funcionario detall\u00f3 que ya existen pl\u00e1ticas tanto con el sindicato como con la base trabajadora para informarles sobre los servicios de empleo y los programas de emprendimiento disponibles en la entidad. \u201cVamos a estar muy atentos, se lo hemos manifestado tanto al l\u00edder sindical como a la base trabajadora: en Tlaxcala les daremos acompa\u00f1amiento en dos sentidos\u201d, afirm\u00f3.<\/p>\n<p style=\"text-align: justify;\">Altamirano Islas explic\u00f3 que el primer eje ser\u00e1 la vinculaci\u00f3n laboral para recolocar a los trabajadores en las vacantes que actualmente oferta el sector empresarial local, gracias a la atracci\u00f3n de inversiones. El segundo eje, dijo, ser\u00e1 apoyar a quienes deseen emprender un negocio, canaliz\u00e1ndolos a instancias como el Fondo Macro para el Desarrollo de Tlaxcala para obtener cr\u00e9ditos y asesor\u00eda en autoempleo.<\/p>\n<p style=\"text-align: justify;\">Ante la preocupaci\u00f3n de los trabajadores sobre el pago de sus finiquitos \u2014muchos de ellos con m\u00e1s de dos d\u00e9cadas de antig\u00fcedad y que dependen de un solo salario familiar\u2014, el secretario fue contundente: \u201cLa empresa est\u00e1 en la mejor disposici\u00f3n de hacer las liquidaciones al 100 por ciento, cumpliendo con lo que marca la Ley Federal de Trabajo. Estas liquidaciones est\u00e1n garantizadas\u201d.<\/p>\n<p style=\"text-align: justify;\">No obstante, Altamirano Islas advirti\u00f3 que, de presentarse alg\u00fan incumplimiento, los trabajadores pueden acudir a la Secretar\u00eda del Trabajo de Tlaxcala, as\u00ed como a Conciliaci\u00f3n o a la PROFEDET para salvaguardar sus derechos.<\/p>\n<p style=\"text-align: justify;\">El secretario reconoci\u00f3 que esta baja de personal responde a condiciones de mercado. \u201cComo ustedes saben, la empresa y la base trabajadora han comentado que tiene que ver con algunos contratos o proyectos que ten\u00edan con el IMSS a nivel nacional.\u201d, explic\u00f3.<\/p>\n<p style=\"text-align: justify;\">Cabe recordar que los trabajadores manifestantes se\u00f1alaron que Galia Textil, instalada en el corredor industrial de Santa Isabel Xiloxoxtla, produce vendas, yesos y materiales quir\u00fargicos que durante a\u00f1os fueron adquiridos por el IMSS, pero que recientemente esos pedidos disminuyeron, volviendo insostenible mantener la plantilla. Seg\u00fan el dirigente estatal de la CROC, Eduardo V\u00e1zquez Mart\u00ednez, la empresa intent\u00f3 evitar despidos desde diciembre con vacaciones adelantadas y paros t\u00e9cnicos, pero la reducci\u00f3n de pedidos hizo inevitable el recorte.<\/p>\n","protected":false},"excerpt":{"rendered":"<p>El secretario de Trabajo, No\u00e9 Altamirano Islas, asegur\u00f3 que la empresa est\u00e1 en la mejor disposici\u00f3n de cumplir con la ley y que el gobierno estatal dar\u00e1 acompa\u00f1amiento a los afectados. Mariana LOVERA\/\/ Tras la manifestaci\u00f3n de decenas de trabajadores de Galia Textil y Acabados Galia frente a las oficinas del Instituto Mexicano del Seguro [&hellip;]<\/p>\n","protected":false},"author":6,"featured_media":71359,"comment_status":"open","ping_status":"open","sticky":false,"template":"","format":"standard","meta":{"footnotes":""},"categories":[3,7],"tags":[],"class_list":["post-71358","post","type-post","status-publish","format-standard","has-post-thumbnail","hentry","category-8-columnas","category-ciudadanos"],"amp_enabled":true,"_links":{"self":[{"href":"https:\/\/labestiapolitica.com.mx\/index.php?rest_route=\/wp\/v2\/posts\/71358","targetHints":{"allow":["GET"]}}],"collection":[{"href":"https:\/\/labestiapolitica.com.mx\/index.php?rest_route=\/wp\/v2\/posts"}],"about":[{"href":"https:\/\/labestiapolitica.com.mx\/index.php?rest_route=\/wp\/v2\/types\/post"}],"author":[{"embeddable":true,"href":"https:\/\/labestiapolitica.com.mx\/index.php?rest_route=\/wp\/v2\/users\/6"}],"replies":[{"embeddable":true,"href":"https:\/\/labestiapolitica.com.mx\/index.php?rest_route=%2Fwp%2Fv2%2Fcomments&post=71358"}],"version-history":[{"count":1,"href":"https:\/\/labestiapolitica.com.mx\/index.php?rest_route=\/wp\/v2\/posts\/71358\/revisions"}],"predecessor-version":[{"id":71360,"href":"https:\/\/labestiapolitica.com.mx\/index.php?rest_route=\/wp\/v2\/posts\/71358\/revisions\/71360"}],"wp:featuredmedia":[{"embeddable":true,"href":"https:\/\/labestiapolitica.com.mx\/index.php?rest_route=\/wp\/v2\/media\/71359"}],"wp:attachment":[{"href":"https:\/\/labestiapolitica.com.mx\/index.php?rest_route=%2Fwp%2Fv2%2Fmedia&parent=71358"}],"wp:term":[{"taxonomy":"category","embeddable":true,"href":"https:\/\/labestiapolitica.com.mx\/index.php?rest_route=%2Fwp%2Fv2%2Fcategories&post=71358"},{"taxonomy":"post_tag","embeddable":true,"href":"https:\/\/labestiapolitica.com.mx\/index.php?rest_route=%2Fwp%2Fv2%2Ftags&post=71358"}],"curies":[{"name":"wp","href":"https:\/\/api.w.org\/{rel}","templated":true}]}}