{"id":71364,"date":"2026-04-28T16:27:17","date_gmt":"2026-04-28T22:27:17","guid":{"rendered":"https:\/\/labestiapolitica.com.mx\/?p=71364"},"modified":"2026-04-28T16:27:17","modified_gmt":"2026-04-28T22:27:17","slug":"huamantla-fortalece-infraestructura-hidraulica-con-construccion-de-planta-de-tratamiento-en-comunidades-de-tecoac","status":"publish","type":"post","link":"https:\/\/labestiapolitica.com.mx\/?p=71364","title":{"rendered":"Huamantla fortalece infraestructura hidr\u00e1ulica con construcci\u00f3n de planta de tratamiento en comunidades de Tecoac."},"content":{"rendered":"<p style=\"text-align: justify;\">El Gobierno Municipal de Huamantla contin\u00faa impulsando obras que mejoran la calidad de vida de las familias y fortalecen el cuidado del medio ambiente, mediante la construcci\u00f3n de una planta de tratamiento y una fosa s\u00e9ptica que beneficiar\u00e1n directamente a las comunidades de Francisco Villa Tecoac y Francisco I. Madero Tecoac.<\/p>\n<p style=\"text-align: justify;\">Como parte de este proyecto integral, tambi\u00e9n se realiza la instalaci\u00f3n de un emisor y un colector adicional, acciones que permitir\u00e1n fortalecer la infraestructura hidr\u00e1ulica y garantizar un manejo adecuado de las aguas residuales.<\/p>\n<p style=\"text-align: justify;\">Estas obras representan un paso importante para brindar mejores condiciones sanitarias a las familias de la zona, adem\u00e1s de contribuir a la protecci\u00f3n de los recursos naturales y al desarrollo sostenible del municipio.<\/p>\n<p style=\"text-align: justify;\">El presidente municipal Salvador Santos Cedillo ha reiterado que el trabajo en infraestructura b\u00e1sica seguir\u00e1 siendo una prioridad, especialmente en proyectos que generan bienestar, salud y mejores condiciones para las futuras generaciones.<\/p>\n<p style=\"text-align: justify;\">Con acciones firmes y visi\u00f3n de futuro, el Gobierno Municipal de Huamantla contin\u00faa transformando las comunidades y construyendo un municipio m\u00e1s sustentable para todas y todos.<\/p>\n","protected":false},"excerpt":{"rendered":"<p>El Gobierno Municipal de Huamantla contin\u00faa impulsando obras que mejoran la calidad de vida de las familias y fortalecen el cuidado del medio ambiente, mediante la construcci\u00f3n de una planta de tratamiento y una fosa s\u00e9ptica que beneficiar\u00e1n directamente a las comunidades de Francisco Villa Tecoac y Francisco I. Madero Tecoac. Como parte de este [&hellip;]<\/p>\n","protected":false},"author":5,"featured_media":71365,"comment_status":"open","ping_status":"open","sticky":false,"template":"","format":"standard","meta":{"footnotes":""},"categories":[220,216],"tags":[],"class_list":["post-71364","post","type-post","status-publish","format-standard","has-post-thumbnail","hentry","category-huamantla","category-municipios"],"amp_enabled":true,"_links":{"self":[{"href":"https:\/\/labestiapolitica.com.mx\/index.php?rest_route=\/wp\/v2\/posts\/71364","targetHints":{"allow":["GET"]}}],"collection":[{"href":"https:\/\/labestiapolitica.com.mx\/index.php?rest_route=\/wp\/v2\/posts"}],"about":[{"href":"https:\/\/labestiapolitica.com.mx\/index.php?rest_route=\/wp\/v2\/types\/post"}],"author":[{"embeddable":true,"href":"https:\/\/labestiapolitica.com.mx\/index.php?rest_route=\/wp\/v2\/users\/5"}],"replies":[{"embeddable":true,"href":"https:\/\/labestiapolitica.com.mx\/index.php?rest_route=%2Fwp%2Fv2%2Fcomments&post=71364"}],"version-history":[{"count":1,"href":"https:\/\/labestiapolitica.com.mx\/index.php?rest_route=\/wp\/v2\/posts\/71364\/revisions"}],"predecessor-version":[{"id":71366,"href":"https:\/\/labestiapolitica.com.mx\/index.php?rest_route=\/wp\/v2\/posts\/71364\/revisions\/71366"}],"wp:featuredmedia":[{"embeddable":true,"href":"https:\/\/labestiapolitica.com.mx\/index.php?rest_route=\/wp\/v2\/media\/71365"}],"wp:attachment":[{"href":"https:\/\/labestiapolitica.com.mx\/index.php?rest_route=%2Fwp%2Fv2%2Fmedia&parent=71364"}],"wp:term":[{"taxonomy":"category","embeddable":true,"href":"https:\/\/labestiapolitica.com.mx\/index.php?rest_route=%2Fwp%2Fv2%2Fcategories&post=71364"},{"taxonomy":"post_tag","embeddable":true,"href":"https:\/\/labestiapolitica.com.mx\/index.php?rest_route=%2Fwp%2Fv2%2Ftags&post=71364"}],"curies":[{"name":"wp","href":"https:\/\/api.w.org\/{rel}","templated":true}]}}