{"id":71367,"date":"2026-04-28T16:32:48","date_gmt":"2026-04-28T22:32:48","guid":{"rendered":"https:\/\/labestiapolitica.com.mx\/?p=71367"},"modified":"2026-04-28T16:32:48","modified_gmt":"2026-04-28T22:32:48","slug":"inician-obra-de-guarniciones-y-banquetas-en-san-jose-texopa-xaltocan","status":"publish","type":"post","link":"https:\/\/labestiapolitica.com.mx\/?p=71367","title":{"rendered":"Inician obra de guarniciones y banquetas en San Jos\u00e9 Texopa, Xaltocan."},"content":{"rendered":"<p style=\"text-align: justify;\"><em><strong>Demian M\u00e1rquez<\/strong><\/em> | El presidente municipal de Xaltocan, Jos\u00e9 Luis Hern\u00e1ndez V\u00e1zquez, encabez\u00f3 el banderazo de inicio de obra para la construcci\u00f3n de guarniciones y banquetas en la comunidad de San Jos\u00e9 Texopa, proyecto que busca mejorar la movilidad y seguridad de los habitantes.<\/p>\n<p style=\"text-align: justify;\">Durante el arranque de los trabajos, el alcalde explic\u00f3 que la zona es transitada diariamente por estudiantes que se dirigen a escuelas de la propia comunidad y de localidades vecinas, por lo que contar con banquetas permitir\u00e1 un traslado m\u00e1s seguro y ordenado.<\/p>\n<p style=\"text-align: justify;\">Destac\u00f3 que actualmente peatones, principalmente ni\u00f1as, ni\u00f1os y j\u00f3venes, deben caminar sobre \u00e1reas en malas condiciones o cerca de la carretera, lo que representa riesgos y dificultades, especialmente en temporada de lluvias.<\/p>\n<p style=\"text-align: justify;\">Con esta obra, a\u00f1adi\u00f3, se pretende brindar mejores condiciones de paso para la poblaci\u00f3n.<\/p>\n<p style=\"text-align: justify;\">Autoridades comunitarias agradecieron la respuesta del ayuntamiento y se\u00f1alaron que la petici\u00f3n hab\u00eda sido planteada desde tiempo atr\u00e1s, debido al peligro que enfrentan menores y vecinos al circular por ese tramo.<\/p>\n<p style=\"text-align: justify;\">El presidente municipal asegur\u00f3 que su administraci\u00f3n continuar\u00e1 impulsando obras de infraestructura b\u00e1sica en distintas comunidades, con el objetivo de atender necesidades prioritarias y elevar la calidad de vida de los habitantes.<\/p>\n<p style=\"text-align: justify;\">Finalmente, aprovech\u00f3 el encuentro para invitar a las familias del municipio a la celebraci\u00f3n del D\u00eda del Ni\u00f1o programada en la presidencia municipal, donde se realizar\u00e1n actividades recreativas para las infancias.<\/p>\n","protected":false},"excerpt":{"rendered":"<p>Demian M\u00e1rquez | El presidente municipal de Xaltocan, Jos\u00e9 Luis Hern\u00e1ndez V\u00e1zquez, encabez\u00f3 el banderazo de inicio de obra para la construcci\u00f3n de guarniciones y banquetas en la comunidad de San Jos\u00e9 Texopa, proyecto que busca mejorar la movilidad y seguridad de los habitantes. Durante el arranque de los trabajos, el alcalde explic\u00f3 que la [&hellip;]<\/p>\n","protected":false},"author":5,"featured_media":71368,"comment_status":"open","ping_status":"open","sticky":false,"template":"","format":"standard","meta":{"footnotes":""},"categories":[3,216,228],"tags":[],"class_list":["post-71367","post","type-post","status-publish","format-standard","has-post-thumbnail","hentry","category-8-columnas","category-municipios","category-xaltocan"],"amp_enabled":true,"_links":{"self":[{"href":"https:\/\/labestiapolitica.com.mx\/index.php?rest_route=\/wp\/v2\/posts\/71367","targetHints":{"allow":["GET"]}}],"collection":[{"href":"https:\/\/labestiapolitica.com.mx\/index.php?rest_route=\/wp\/v2\/posts"}],"about":[{"href":"https:\/\/labestiapolitica.com.mx\/index.php?rest_route=\/wp\/v2\/types\/post"}],"author":[{"embeddable":true,"href":"https:\/\/labestiapolitica.com.mx\/index.php?rest_route=\/wp\/v2\/users\/5"}],"replies":[{"embeddable":true,"href":"https:\/\/labestiapolitica.com.mx\/index.php?rest_route=%2Fwp%2Fv2%2Fcomments&post=71367"}],"version-history":[{"count":1,"href":"https:\/\/labestiapolitica.com.mx\/index.php?rest_route=\/wp\/v2\/posts\/71367\/revisions"}],"predecessor-version":[{"id":71369,"href":"https:\/\/labestiapolitica.com.mx\/index.php?rest_route=\/wp\/v2\/posts\/71367\/revisions\/71369"}],"wp:featuredmedia":[{"embeddable":true,"href":"https:\/\/labestiapolitica.com.mx\/index.php?rest_route=\/wp\/v2\/media\/71368"}],"wp:attachment":[{"href":"https:\/\/labestiapolitica.com.mx\/index.php?rest_route=%2Fwp%2Fv2%2Fmedia&parent=71367"}],"wp:term":[{"taxonomy":"category","embeddable":true,"href":"https:\/\/labestiapolitica.com.mx\/index.php?rest_route=%2Fwp%2Fv2%2Fcategories&post=71367"},{"taxonomy":"post_tag","embeddable":true,"href":"https:\/\/labestiapolitica.com.mx\/index.php?rest_route=%2Fwp%2Fv2%2Ftags&post=71367"}],"curies":[{"name":"wp","href":"https:\/\/api.w.org\/{rel}","templated":true}]}}