{"id":71370,"date":"2026-04-28T16:39:37","date_gmt":"2026-04-28T22:39:37","guid":{"rendered":"https:\/\/labestiapolitica.com.mx\/?p=71370"},"modified":"2026-04-28T16:39:37","modified_gmt":"2026-04-28T22:39:37","slug":"con-mas-territorio-y-menos-escritorio-contribuimos-a-mejorar-la-percepcion-de-seguridad-alfonso-sanchez-garcia","status":"publish","type":"post","link":"https:\/\/labestiapolitica.com.mx\/?p=71370","title":{"rendered":"\u201cCon m\u00e1s territorio y menos escritorio contribuimos a mejorar la percepci\u00f3n de seguridad\u00bb: Alfonso S\u00e1nchez Garc\u00eda."},"content":{"rendered":"<ul>\n<li style=\"text-align: justify;\">Como resultado de este trabajo, se logr\u00f3 que la percepci\u00f3n de seguridad en el municipio de Tlaxcala mejorara 6.3 puntos porcentuales<\/li>\n<\/ul>\n<p style=\"text-align: justify;\">El trabajo a trav\u00e9s de \u201cM\u00e1s territorio y menos escritorio\u201d ha contribuido a mejorar la percepci\u00f3n de seguridad entre la poblaci\u00f3n y a reducir la sensaci\u00f3n de inseguridad, afirm\u00f3 el presidente municipal, Alfonso S\u00e1nchez Garc\u00eda, al destacar los resultados m\u00e1s recientes de la Encuesta Nacional de Seguridad P\u00fablica Urbana (ENSU).<\/p>\n<p style=\"text-align: justify;\">\u201cUna calle iluminada es una calle m\u00e1s segura\u201d, destac\u00f3 el edil de Tlaxcala, al explicar que durante su administraci\u00f3n, adem\u00e1s de reparar luminarias, logr\u00f3 ampliar la red de alumbrado p\u00fablico para reforzar la seguridad en distintas zonas del municipio.<\/p>\n<p style=\"text-align: justify;\">A\u00f1adi\u00f3 que parte de esta visi\u00f3n tambi\u00e9n considera que en una calle sin \u00e1rboles la luz pasa mejor y las vialidades son m\u00e1s seguras, por lo que se han realizado acciones de mantenimiento urbano y poda enfocadas en mejorar la visibilidad en espacios p\u00fablicos.<\/p>\n<p style=\"text-align: justify;\">Asimismo, destac\u00f3 que una calle con menos baches es una calle donde se puede transitar con mayor seguridad, tanto para peatones como para automovilistas, por lo que su administraci\u00f3n ha impulsado trabajos permanentes de rehabilitaci\u00f3n vial como parte de una pol\u00edtica preventiva, a trav\u00e9s de las brigadas de \u201cM\u00e1s territorio y menos escritorio\u201d, que realizan trabajo diario, incluyendo fines de semana.<\/p>\n<p style=\"text-align: justify;\">Alfonso S\u00e1nchez Garc\u00eda subray\u00f3 que su gobierno tambi\u00e9n ha trabajado en el fortalecimiento de los senderos seguros y en la atenci\u00f3n a las causas de la violencia, en concordancia con la visi\u00f3n nacional impulsada por la presidenta Claudia Sheinbaum Pardo, con el objetivo de recuperar espacios p\u00fablicos y devolver tranquilidad a las familias.<\/p>\n<p style=\"text-align: justify;\">Como resultado de este trabajo, se logr\u00f3 que la percepci\u00f3n de seguridad en el municipio de Tlaxcala mejorara 6.3 puntos porcentuales entre diciembre de 2025 y marzo de 2026, lo que coloc\u00f3 a la capital entre los 15 municipios del pa\u00eds con mayor disminuci\u00f3n en la percepci\u00f3n de inseguridad, al pasar de 69.7 a 63.4 por ciento, de acuerdo con los resultados m\u00e1s recientes de la Encuesta Nacional de Seguridad P\u00fablica Urbana (ENSU) del Instituto Nacional de Estad\u00edstica y Geograf\u00eda (INEGI).<\/p>\n<p style=\"text-align: justify;\">\u201cSabemos que a\u00fan hay mucho por hacer y no vamos a bajar la guardia en la tarea de proteger a las familias de Tlaxcala. Con una mejor administraci\u00f3n, se duplic\u00f3 el parque vehicular de la polic\u00eda, se adquiri\u00f3 nuevo equipamiento, se mantiene la capacitaci\u00f3n constante de los elementos y existe una coordinaci\u00f3n permanente con el gobierno estatal y federal\u201d, destac\u00f3 el alcalde.<\/p>\n<p style=\"text-align: justify;\">Finalmente, S\u00e1nchez Garc\u00eda asever\u00f3 que hoy Tlaxcala comienza a reflejar una mejor percepci\u00f3n ciudadana sobre la seguridad, resultado de una pol\u00edtica que privilegia la presencia en territorio, la prevenci\u00f3n y la recuperaci\u00f3n del espacio p\u00fablico.<\/p>\n","protected":false},"excerpt":{"rendered":"<p>Como resultado de este trabajo, se logr\u00f3 que la percepci\u00f3n de seguridad en el municipio de Tlaxcala mejorara 6.3 puntos porcentuales El trabajo a trav\u00e9s de \u201cM\u00e1s territorio y menos escritorio\u201d ha contribuido a mejorar la percepci\u00f3n de seguridad entre la poblaci\u00f3n y a reducir la sensaci\u00f3n de inseguridad, afirm\u00f3 el presidente municipal, Alfonso S\u00e1nchez [&hellip;]<\/p>\n","protected":false},"author":5,"featured_media":71372,"comment_status":"open","ping_status":"open","sticky":false,"template":"","format":"standard","meta":{"footnotes":""},"categories":[216,214],"tags":[],"class_list":["post-71370","post","type-post","status-publish","format-standard","has-post-thumbnail","hentry","category-municipios","category-tlaxcala-capital"],"amp_enabled":true,"_links":{"self":[{"href":"https:\/\/labestiapolitica.com.mx\/index.php?rest_route=\/wp\/v2\/posts\/71370","targetHints":{"allow":["GET"]}}],"collection":[{"href":"https:\/\/labestiapolitica.com.mx\/index.php?rest_route=\/wp\/v2\/posts"}],"about":[{"href":"https:\/\/labestiapolitica.com.mx\/index.php?rest_route=\/wp\/v2\/types\/post"}],"author":[{"embeddable":true,"href":"https:\/\/labestiapolitica.com.mx\/index.php?rest_route=\/wp\/v2\/users\/5"}],"replies":[{"embeddable":true,"href":"https:\/\/labestiapolitica.com.mx\/index.php?rest_route=%2Fwp%2Fv2%2Fcomments&post=71370"}],"version-history":[{"count":1,"href":"https:\/\/labestiapolitica.com.mx\/index.php?rest_route=\/wp\/v2\/posts\/71370\/revisions"}],"predecessor-version":[{"id":71373,"href":"https:\/\/labestiapolitica.com.mx\/index.php?rest_route=\/wp\/v2\/posts\/71370\/revisions\/71373"}],"wp:featuredmedia":[{"embeddable":true,"href":"https:\/\/labestiapolitica.com.mx\/index.php?rest_route=\/wp\/v2\/media\/71372"}],"wp:attachment":[{"href":"https:\/\/labestiapolitica.com.mx\/index.php?rest_route=%2Fwp%2Fv2%2Fmedia&parent=71370"}],"wp:term":[{"taxonomy":"category","embeddable":true,"href":"https:\/\/labestiapolitica.com.mx\/index.php?rest_route=%2Fwp%2Fv2%2Fcategories&post=71370"},{"taxonomy":"post_tag","embeddable":true,"href":"https:\/\/labestiapolitica.com.mx\/index.php?rest_route=%2Fwp%2Fv2%2Ftags&post=71370"}],"curies":[{"name":"wp","href":"https:\/\/api.w.org\/{rel}","templated":true}]}}