{"id":71377,"date":"2026-04-28T16:48:29","date_gmt":"2026-04-28T22:48:29","guid":{"rendered":"https:\/\/labestiapolitica.com.mx\/?p=71377"},"modified":"2026-04-28T16:48:29","modified_gmt":"2026-04-28T22:48:29","slug":"exigen-ninas-y-ninos-de-tlaxcala-que-su-voz-sea-escuchada-sus-propuestas-atendidas-y-garantia-al-respeto-de-sus-derechos-humanos","status":"publish","type":"post","link":"https:\/\/labestiapolitica.com.mx\/?p=71377","title":{"rendered":"Exigen ni\u00f1as y ni\u00f1os de Tlaxcala que su voz sea escuchada, sus propuestas atendidas y garant\u00eda al respeto de sus derechos humanos."},"content":{"rendered":"<ul>\n<li style=\"text-align: justify;\"><i><span style=\"font-weight: 400;\">Este 29 de abril el Consejo Infantil celebrar\u00e1 su Primera Sesi\u00f3n Ordinaria en la CEDHT\u00a0<\/span><\/i><\/li>\n<\/ul>\n<p style=\"text-align: justify;\"><span style=\"font-weight: 400;\">Ni\u00f1as y ni\u00f1os, de entre 9 y 12 a\u00f1os de edad originarios de 16 municipios de la entidad, exigen que su voz sea escuchada y se les garantice el respeto a sus derechos humanos, ellos se inscribieron para participar en la convocatoria para integrar la presidencia y el consejo consultivo infantil de la Comisi\u00f3n Estatal de Derechos Humanos de Tlaxcala (CEDHT), la cual fue abierta por este organismo aut\u00f3nomo en el marco de la conmemoraci\u00f3n del D\u00eda de la Ni\u00f1a y el Ni\u00f1o a conmemorarse el pr\u00f3ximo 30 de abril.<\/span><\/p>\n<p style=\"text-align: justify;\"><span style=\"font-weight: 400;\">De todas y todos los participantes hubo una selecci\u00f3n de cinco ni\u00f1as y ni\u00f1os, quienes asumir\u00e1n, de manera simb\u00f3lica, los cargos de: una presidencia infantil y cuatro integrantes del Consejo Consultivo, quienes realizar\u00e1n su Primera Sesi\u00f3n Ordinaria en las instalaciones del organismo aut\u00f3nomo este 29 de abril.\u00a0<\/span><\/p>\n<p style=\"text-align: justify;\"><span style=\"font-weight: 400;\">El consejo consultivo de la CEDHT, integrado por la consejera Leticia Valera Gonz\u00e1lez y los consejeros Agust\u00edn Flores Pe\u00f1a. Fernando George Zecua y Jes\u00fas Rivera Pantoja, determinaron que, por su destacada participaci\u00f3n, se seleccionara a otros cinco ni\u00f1as y ni\u00f1os que ocupar\u00e1n los cargos de las Secretar\u00edas Ejecutiva y T\u00e9cnica, as\u00ed como las Visitadur\u00edas General, Regional Norte y Regional Sur.<\/span><\/p>\n<p style=\"text-align: justify;\"><span style=\"font-weight: 400;\">Las y los seleccionados para el consejo son: Mat\u00edas Eduardo Meneses Jim\u00e9nez, Kendra Castro Garrido, Frida Camila Zambrano Rodr\u00edguez, Jhonnatan Aguayo Altamirano y Ang\u00e9lica V\u00e1zquez Arce. Mientras que quienes ocupar\u00e1n las secretar\u00edas y visitadur\u00edas son: Aime Hassel Solano L\u00f3pez, Samantha Morales Teniza, Ana Camila Lima Atriano, Santiago Isa\u00ed Pluma V\u00e1zquez y Emma D\u00e1nae Acevedo Calder\u00f3n<\/span><\/p>\n<p style=\"text-align: justify;\"><span style=\"font-weight: 400;\">La convocatoria fue emitida con la finalidad de generar espacios de di\u00e1logo y participaci\u00f3n con y para las infancias, en la que se registraron 75 infancias, de las cuales, 62 cumplieron con todos los requisitos.\u00a0<\/span><\/p>\n<p style=\"text-align: justify;\"><span style=\"font-weight: 400;\">Las y los integrantes del consejo consultivo infantil ser\u00e1n embajadoras y embajadores de los derechos humanos y participar\u00e1n en algunas actividades de la CEDHT, adem\u00e1s recibir\u00e1n una Tablet por ser parte del Consejo Consultivo Infantil 2026.<\/span><\/p>\n<p style=\"text-align: justify;\"><span style=\"font-weight: 400;\">Las y los participantes registrados son de Chiautempan, Contla de Juan Cuamatzi, Tlaxcala, Panotla, Tlaxco, L\u00e1zaro C\u00e1rdenas, Atltzayanca, Apizaco, Nanacamilpa de Mariano Arista, Acuamanala de Miguel Hidalgo, La Magdalena Tlaltelulco, San Lucas Tecopilco, Nativitas, Huamantla, Santa Apolonia Teacalco y Tepetitla de Lardiz\u00e1bal.<\/span><\/p>\n","protected":false},"excerpt":{"rendered":"<p>Este 29 de abril el Consejo Infantil celebrar\u00e1 su Primera Sesi\u00f3n Ordinaria en la CEDHT\u00a0 Ni\u00f1as y ni\u00f1os, de entre 9 y 12 a\u00f1os de edad originarios de 16 municipios de la entidad, exigen que su voz sea escuchada y se les garantice el respeto a sus derechos humanos, ellos se inscribieron para participar en [&hellip;]<\/p>\n","protected":false},"author":5,"featured_media":71378,"comment_status":"open","ping_status":"open","sticky":false,"template":"","format":"standard","meta":{"footnotes":""},"categories":[232],"tags":[],"class_list":["post-71377","post","type-post","status-publish","format-standard","has-post-thumbnail","hentry","category-derechos-humanos-tlaxcala"],"amp_enabled":true,"_links":{"self":[{"href":"https:\/\/labestiapolitica.com.mx\/index.php?rest_route=\/wp\/v2\/posts\/71377","targetHints":{"allow":["GET"]}}],"collection":[{"href":"https:\/\/labestiapolitica.com.mx\/index.php?rest_route=\/wp\/v2\/posts"}],"about":[{"href":"https:\/\/labestiapolitica.com.mx\/index.php?rest_route=\/wp\/v2\/types\/post"}],"author":[{"embeddable":true,"href":"https:\/\/labestiapolitica.com.mx\/index.php?rest_route=\/wp\/v2\/users\/5"}],"replies":[{"embeddable":true,"href":"https:\/\/labestiapolitica.com.mx\/index.php?rest_route=%2Fwp%2Fv2%2Fcomments&post=71377"}],"version-history":[{"count":1,"href":"https:\/\/labestiapolitica.com.mx\/index.php?rest_route=\/wp\/v2\/posts\/71377\/revisions"}],"predecessor-version":[{"id":71379,"href":"https:\/\/labestiapolitica.com.mx\/index.php?rest_route=\/wp\/v2\/posts\/71377\/revisions\/71379"}],"wp:featuredmedia":[{"embeddable":true,"href":"https:\/\/labestiapolitica.com.mx\/index.php?rest_route=\/wp\/v2\/media\/71378"}],"wp:attachment":[{"href":"https:\/\/labestiapolitica.com.mx\/index.php?rest_route=%2Fwp%2Fv2%2Fmedia&parent=71377"}],"wp:term":[{"taxonomy":"category","embeddable":true,"href":"https:\/\/labestiapolitica.com.mx\/index.php?rest_route=%2Fwp%2Fv2%2Fcategories&post=71377"},{"taxonomy":"post_tag","embeddable":true,"href":"https:\/\/labestiapolitica.com.mx\/index.php?rest_route=%2Fwp%2Fv2%2Ftags&post=71377"}],"curies":[{"name":"wp","href":"https:\/\/api.w.org\/{rel}","templated":true}]}}