{"id":71389,"date":"2026-04-28T17:11:56","date_gmt":"2026-04-28T23:11:56","guid":{"rendered":"https:\/\/labestiapolitica.com.mx\/?p=71389"},"modified":"2026-04-28T17:11:56","modified_gmt":"2026-04-28T23:11:56","slug":"presenta-aurora-villeda-iniciativa-para-fortalecer-derechos-politico-electorales-y-acciones-afirmativas-en-tlaxcala","status":"publish","type":"post","link":"https:\/\/labestiapolitica.com.mx\/?p=71389","title":{"rendered":"Presenta Aurora Villeda iniciativa para fortalecer derechos pol\u00edtico-electorales y acciones afirmativas en Tlaxcala."},"content":{"rendered":"<p style=\"font-weight: 400; text-align: justify;\">Durante el desarrollo de la vig\u00e9sima novena Sesi\u00f3n Ordinaria del Congreso del Estado de Tlaxcala, la diputada Mar\u00eda Aurora Villeda Temoltzin present\u00f3 la Iniciativa con Proyecto de Decreto por el que se reforman diversas disposiciones de la Ley de Instituciones y Procedimientos Electorales para el Estado de Tlaxcala, con el objetivo de fortalecer el ejercicio de los derechos pol\u00edtico-electorales bajo un enfoque de inclusi\u00f3n y no discriminaci\u00f3n.<\/p>\n<p style=\"font-weight: 400; text-align: justify;\">En tribuna, Villeda Temoltzin expuso que la propuesta tiene como finalidad incorporar de manera expresa en el marco normativo local criterios que garanticen la participaci\u00f3n efectiva de grupos en situaci\u00f3n de vulnerabilidad, mediante el reconocimiento de acciones afirmativas que permitan reducir las brechas de desigualdad en el acceso a la vida p\u00fablica.<\/p>\n<p style=\"font-weight: 400; text-align: justify;\">La iniciativa plantea reformar los art\u00edculos 6, 8 y 9 de la citada ley, a fin de establecer que los procesos electorales se desarrollen en condiciones de convivencia democr\u00e1tica libres de violencia pol\u00edtica, as\u00ed como reforzar el principio de igualdad sustantiva en el ejercicio de los derechos pol\u00edtico-electorales, incorporando un lenguaje incluyente y ampliando la protecci\u00f3n frente a cualquier forma de discriminaci\u00f3n.<\/p>\n<p style=\"font-weight: 400; text-align: justify;\">Asimismo, se propone que dichos derechos sean garantizados conforme a los principios de universalidad, interdependencia, indivisibilidad, progresividad e igualdad, con el prop\u00f3sito de consolidar un marco jur\u00eddico que favorezca la participaci\u00f3n de todas las personas en condiciones de equidad y respeto a la dignidad humana.<\/p>\n<p style=\"font-weight: 400; text-align: justify;\">La diputada se\u00f1al\u00f3 que esta propuesta responde a la necesidad de armonizar la legislaci\u00f3n estatal con criterios jurisdiccionales y est\u00e1ndares en materia de derechos humanos, a fin de fortalecer la vida democr\u00e1tica y asegurar que el derecho a votar y ser votado se ejerza sin violencia ni exclusi\u00f3n.<\/p>\n<p style=\"font-weight: 400; text-align: justify;\">Tras la presentaci\u00f3n de la Iniciativa, se turn\u00f3 a las Comisiones Unidas de Asuntos Electorales y a la de Puntos Constitucionales, Gobernaci\u00f3n y Justicia y Asuntos Pol\u00edticos para su estudio, an\u00e1lisis y dictamen correspondiente.<\/p>\n","protected":false},"excerpt":{"rendered":"<p>Durante el desarrollo de la vig\u00e9sima novena Sesi\u00f3n Ordinaria del Congreso del Estado de Tlaxcala, la diputada Mar\u00eda Aurora Villeda Temoltzin present\u00f3 la Iniciativa con Proyecto de Decreto por el que se reforman diversas disposiciones de la Ley de Instituciones y Procedimientos Electorales para el Estado de Tlaxcala, con el objetivo de fortalecer el ejercicio [&hellip;]<\/p>\n","protected":false},"author":5,"featured_media":71390,"comment_status":"open","ping_status":"open","sticky":false,"template":"","format":"standard","meta":{"footnotes":""},"categories":[224,247],"tags":[],"class_list":["post-71389","post","type-post","status-publish","format-standard","has-post-thumbnail","hentry","category-congreso-del-estado-de-tlaxcala","category-politica"],"amp_enabled":true,"_links":{"self":[{"href":"https:\/\/labestiapolitica.com.mx\/index.php?rest_route=\/wp\/v2\/posts\/71389","targetHints":{"allow":["GET"]}}],"collection":[{"href":"https:\/\/labestiapolitica.com.mx\/index.php?rest_route=\/wp\/v2\/posts"}],"about":[{"href":"https:\/\/labestiapolitica.com.mx\/index.php?rest_route=\/wp\/v2\/types\/post"}],"author":[{"embeddable":true,"href":"https:\/\/labestiapolitica.com.mx\/index.php?rest_route=\/wp\/v2\/users\/5"}],"replies":[{"embeddable":true,"href":"https:\/\/labestiapolitica.com.mx\/index.php?rest_route=%2Fwp%2Fv2%2Fcomments&post=71389"}],"version-history":[{"count":1,"href":"https:\/\/labestiapolitica.com.mx\/index.php?rest_route=\/wp\/v2\/posts\/71389\/revisions"}],"predecessor-version":[{"id":71391,"href":"https:\/\/labestiapolitica.com.mx\/index.php?rest_route=\/wp\/v2\/posts\/71389\/revisions\/71391"}],"wp:featuredmedia":[{"embeddable":true,"href":"https:\/\/labestiapolitica.com.mx\/index.php?rest_route=\/wp\/v2\/media\/71390"}],"wp:attachment":[{"href":"https:\/\/labestiapolitica.com.mx\/index.php?rest_route=%2Fwp%2Fv2%2Fmedia&parent=71389"}],"wp:term":[{"taxonomy":"category","embeddable":true,"href":"https:\/\/labestiapolitica.com.mx\/index.php?rest_route=%2Fwp%2Fv2%2Fcategories&post=71389"},{"taxonomy":"post_tag","embeddable":true,"href":"https:\/\/labestiapolitica.com.mx\/index.php?rest_route=%2Fwp%2Fv2%2Ftags&post=71389"}],"curies":[{"name":"wp","href":"https:\/\/api.w.org\/{rel}","templated":true}]}}