{"id":71392,"date":"2026-04-28T17:13:58","date_gmt":"2026-04-28T23:13:58","guid":{"rendered":"https:\/\/labestiapolitica.com.mx\/?p=71392"},"modified":"2026-04-28T17:13:58","modified_gmt":"2026-04-28T23:13:58","slug":"pri-tlaxcala-critica-designacion-de-consejeros-del-ine-y-cuestiona-actuacion-del-ite","status":"publish","type":"post","link":"https:\/\/labestiapolitica.com.mx\/?p=71392","title":{"rendered":"PRI Tlaxcala critica designaci\u00f3n de consejeros del INE y cuestiona actuaci\u00f3n del ITE."},"content":{"rendered":"<p style=\"text-align: justify;\"><em><strong>Demian M\u00e1rquez<\/strong><\/em> | El presidente estatal del Partido Revolucionario Institucional, Enrique Padilla S\u00e1nchez, encabez\u00f3 una rueda de prensa en la que expres\u00f3 el rechazo de su partido a la reciente designaci\u00f3n de nuevos consejeros del Instituto Nacional Electoral (INE), al considerar que el proceso se realiz\u00f3 sin acuerdos entre fuerzas pol\u00edticas y con intervenci\u00f3n del oficialismo.<\/p>\n<p style=\"text-align: justify;\">El dirigente se\u00f1al\u00f3 que la autonom\u00eda del \u00f3rgano electoral debe garantizarse para mantener elecciones imparciales y confiables.<\/p>\n<p style=\"text-align: justify;\">Afirm\u00f3 que cuando los nombramientos responden a intereses pol\u00edticos, se debilita la credibilidad institucional y se pone en riesgo la equidad en futuros procesos electorales.<\/p>\n<p style=\"text-align: justify;\">En el \u00e1mbito local, Padilla S\u00e1nchez tambi\u00e9n lanz\u00f3 cr\u00edticas al Instituto Tlaxcalteca de Elecciones (ITE), al se\u00f1alar que recientes resoluciones dejaron dudas entre partidos pol\u00edticos y actores p\u00fablicos.<\/p>\n<p style=\"text-align: justify;\">Sostuvo que Tlaxcala necesita una autoridad electoral que brinde certeza, transparencia y condiciones parejas rumbo a los comicios de 2027.<\/p>\n<p style=\"text-align: justify;\">Indic\u00f3 que la decisi\u00f3n del instituto de desechar diversas inconformidades gener\u00f3 inconformidad entre distintas fuerzas pol\u00edticas.<\/p>\n<p style=\"text-align: justify;\">Aunque reconoci\u00f3 la postura de algunos consejeros, lament\u00f3 que el resultado final fuera dividido y no fortaleciera la confianza ciudadana.<\/p>\n<p style=\"text-align: justify;\">Durante la conferencia, el l\u00edder priista tambi\u00e9n respald\u00f3 la estrategia nacional del partido encabezada por Alejandro Moreno C\u00e1rdenas, al destacar los encuentros con exgobernadores y liderazgos priistas para reforzar la organizaci\u00f3n interna rumbo a pr\u00f3ximos procesos electorales.<\/p>\n<p style=\"text-align: justify;\">Sobre versiones que colocan a Beatriz Paredes Rangel como posible figura rumbo a 2030, Padilla S\u00e1nchez reconoci\u00f3 su trayectoria pol\u00edtica y cercan\u00eda con Tlaxcala, aunque se\u00f1al\u00f3 que, hasta ahora, no existe un planteamiento formal sobre aspiraciones futuras.<\/p>\n","protected":false},"excerpt":{"rendered":"<p>Demian M\u00e1rquez | El presidente estatal del Partido Revolucionario Institucional, Enrique Padilla S\u00e1nchez, encabez\u00f3 una rueda de prensa en la que expres\u00f3 el rechazo de su partido a la reciente designaci\u00f3n de nuevos consejeros del Instituto Nacional Electoral (INE), al considerar que el proceso se realiz\u00f3 sin acuerdos entre fuerzas pol\u00edticas y con intervenci\u00f3n del [&hellip;]<\/p>\n","protected":false},"author":5,"featured_media":71393,"comment_status":"open","ping_status":"open","sticky":false,"template":"","format":"standard","meta":{"footnotes":""},"categories":[3,264,247,250],"tags":[],"class_list":["post-71392","post","type-post","status-publish","format-standard","has-post-thumbnail","hentry","category-8-columnas","category-partidos-politicos","category-politica","category-pri"],"amp_enabled":true,"_links":{"self":[{"href":"https:\/\/labestiapolitica.com.mx\/index.php?rest_route=\/wp\/v2\/posts\/71392","targetHints":{"allow":["GET"]}}],"collection":[{"href":"https:\/\/labestiapolitica.com.mx\/index.php?rest_route=\/wp\/v2\/posts"}],"about":[{"href":"https:\/\/labestiapolitica.com.mx\/index.php?rest_route=\/wp\/v2\/types\/post"}],"author":[{"embeddable":true,"href":"https:\/\/labestiapolitica.com.mx\/index.php?rest_route=\/wp\/v2\/users\/5"}],"replies":[{"embeddable":true,"href":"https:\/\/labestiapolitica.com.mx\/index.php?rest_route=%2Fwp%2Fv2%2Fcomments&post=71392"}],"version-history":[{"count":1,"href":"https:\/\/labestiapolitica.com.mx\/index.php?rest_route=\/wp\/v2\/posts\/71392\/revisions"}],"predecessor-version":[{"id":71394,"href":"https:\/\/labestiapolitica.com.mx\/index.php?rest_route=\/wp\/v2\/posts\/71392\/revisions\/71394"}],"wp:featuredmedia":[{"embeddable":true,"href":"https:\/\/labestiapolitica.com.mx\/index.php?rest_route=\/wp\/v2\/media\/71393"}],"wp:attachment":[{"href":"https:\/\/labestiapolitica.com.mx\/index.php?rest_route=%2Fwp%2Fv2%2Fmedia&parent=71392"}],"wp:term":[{"taxonomy":"category","embeddable":true,"href":"https:\/\/labestiapolitica.com.mx\/index.php?rest_route=%2Fwp%2Fv2%2Fcategories&post=71392"},{"taxonomy":"post_tag","embeddable":true,"href":"https:\/\/labestiapolitica.com.mx\/index.php?rest_route=%2Fwp%2Fv2%2Ftags&post=71392"}],"curies":[{"name":"wp","href":"https:\/\/api.w.org\/{rel}","templated":true}]}}