{"id":71398,"date":"2026-04-28T17:20:08","date_gmt":"2026-04-28T23:20:08","guid":{"rendered":"https:\/\/labestiapolitica.com.mx\/?p=71398"},"modified":"2026-04-28T17:20:08","modified_gmt":"2026-04-28T23:20:08","slug":"huamantla-brilla-a-nivel-internacional-en-el-tianguis-turistico-mexico-2026","status":"publish","type":"post","link":"https:\/\/labestiapolitica.com.mx\/?p=71398","title":{"rendered":"Huamantla brilla a nivel internacional en el Tianguis Tur\u00edstico M\u00e9xico 2026."},"content":{"rendered":"<p style=\"text-align: justify;\">Desde Acapulco, sede del Tianguis Tur\u00edstico M\u00e9xico 2026, Huamantla se consolida como un referente nacional e internacional, al ser reconocido por su riqueza cultural y la innovaci\u00f3n de sus experiencias tur\u00edsticas.<\/p>\n<p style=\"text-align: justify;\">En este importante escaparate, la revista espa\u00f1ola Aire Libre otorg\u00f3 dos galardones internacionales al municipio, destacando proyectos que preservan la identidad y promueven el turismo responsable.<\/p>\n<p style=\"text-align: justify;\">Categor\u00eda Turismo Sustentable<br \/>\nEl reconocimiento fue para el Taller Experimental de Arte Ef\u00edmero, por el proyecto de creaci\u00f3n de mini alfombras, una representaci\u00f3n de las tradicionales alfombras y tapetes elaborados con aserr\u00edn, caracter\u00edsticos de Huamantla.<br \/>\nEstas obras, que destacan por su colorido, detalle y simbolismo, tienen como esencia su car\u00e1cter temporal, ya que est\u00e1n destinadas a desaparecer, lo que las convierte en una expresi\u00f3n art\u00edstica \u00fanica y profundamente significativa.<\/p>\n<p style=\"text-align: justify;\">El premio fue recibido por Francisco Montiel Palacios, en representaci\u00f3n de este esfuerzo que preserva una de las tradiciones m\u00e1s emblem\u00e1ticas del municipio.<\/p>\n<p style=\"text-align: justify;\">Categor\u00eda Turismo Deportivo<br \/>\nEl reconocimiento fue otorgado a la ruta \u201cExperiencia Ciclista Xalapasco\u201d, que promueve el turismo activo al tiempo que permite descubrir la riqueza natural de Huamantla.<br \/>\nEl galard\u00f3n fue recibido por el Presidente Municipal, Salvador Santos Cedillo, refrendando el impulso a proyectos que fortalecen la proyecci\u00f3n tur\u00edstica del municipio.<\/p>\n<p style=\"text-align: justify;\">Estos logros posicionan a Huamantla como un destino que combina tradici\u00f3n, creatividad y experiencias que conectan con visitantes de todo el mundo.<\/p>\n","protected":false},"excerpt":{"rendered":"<p>Desde Acapulco, sede del Tianguis Tur\u00edstico M\u00e9xico 2026, Huamantla se consolida como un referente nacional e internacional, al ser reconocido por su riqueza cultural y la innovaci\u00f3n de sus experiencias tur\u00edsticas. En este importante escaparate, la revista espa\u00f1ola Aire Libre otorg\u00f3 dos galardones internacionales al municipio, destacando proyectos que preservan la identidad y promueven el [&hellip;]<\/p>\n","protected":false},"author":5,"featured_media":71399,"comment_status":"open","ping_status":"open","sticky":false,"template":"","format":"standard","meta":{"footnotes":""},"categories":[220,216],"tags":[],"class_list":["post-71398","post","type-post","status-publish","format-standard","has-post-thumbnail","hentry","category-huamantla","category-municipios"],"amp_enabled":true,"_links":{"self":[{"href":"https:\/\/labestiapolitica.com.mx\/index.php?rest_route=\/wp\/v2\/posts\/71398","targetHints":{"allow":["GET"]}}],"collection":[{"href":"https:\/\/labestiapolitica.com.mx\/index.php?rest_route=\/wp\/v2\/posts"}],"about":[{"href":"https:\/\/labestiapolitica.com.mx\/index.php?rest_route=\/wp\/v2\/types\/post"}],"author":[{"embeddable":true,"href":"https:\/\/labestiapolitica.com.mx\/index.php?rest_route=\/wp\/v2\/users\/5"}],"replies":[{"embeddable":true,"href":"https:\/\/labestiapolitica.com.mx\/index.php?rest_route=%2Fwp%2Fv2%2Fcomments&post=71398"}],"version-history":[{"count":1,"href":"https:\/\/labestiapolitica.com.mx\/index.php?rest_route=\/wp\/v2\/posts\/71398\/revisions"}],"predecessor-version":[{"id":71400,"href":"https:\/\/labestiapolitica.com.mx\/index.php?rest_route=\/wp\/v2\/posts\/71398\/revisions\/71400"}],"wp:featuredmedia":[{"embeddable":true,"href":"https:\/\/labestiapolitica.com.mx\/index.php?rest_route=\/wp\/v2\/media\/71399"}],"wp:attachment":[{"href":"https:\/\/labestiapolitica.com.mx\/index.php?rest_route=%2Fwp%2Fv2%2Fmedia&parent=71398"}],"wp:term":[{"taxonomy":"category","embeddable":true,"href":"https:\/\/labestiapolitica.com.mx\/index.php?rest_route=%2Fwp%2Fv2%2Fcategories&post=71398"},{"taxonomy":"post_tag","embeddable":true,"href":"https:\/\/labestiapolitica.com.mx\/index.php?rest_route=%2Fwp%2Fv2%2Ftags&post=71398"}],"curies":[{"name":"wp","href":"https:\/\/api.w.org\/{rel}","templated":true}]}}