{"id":71416,"date":"2026-04-28T17:35:49","date_gmt":"2026-04-28T23:35:49","guid":{"rendered":"https:\/\/labestiapolitica.com.mx\/?p=71416"},"modified":"2026-04-28T17:36:08","modified_gmt":"2026-04-28T23:36:08","slug":"participa-emiliano-zapata-en-la-eleccion-estatal-de-la-red-de-impulsores-de-la-transformacion-2026","status":"publish","type":"post","link":"https:\/\/labestiapolitica.com.mx\/?p=71416","title":{"rendered":"Participa Emiliano Zapata en la Elecci\u00f3n Estatal de la Red de Impulsores de la Transformaci\u00f3n 2026."},"content":{"rendered":"<p style=\"text-align: justify;\">Con gran entusiasmo y orgullo, el municipio de Emiliano Zapata particip\u00f3 en la Elecci\u00f3n Estatal de la Red de Impulsores de la Transformaci\u00f3n 2026, realizada el pasado 27 de abril, un espacio que promueve la participaci\u00f3n, el liderazgo y el ejercicio de los derechos de ni\u00f1as, ni\u00f1os y adolescentes.<\/p>\n<p style=\"text-align: justify;\"><img loading=\"lazy\" decoding=\"async\" class=\"size-medium wp-image-71419 alignleft\" src=\"https:\/\/labestiapolitica.com.mx\/wp-content\/uploads\/2026\/04\/WhatsApp-Image-2026-04-28-at-5.29.03-PM-225x300.jpeg\" alt=\"\" width=\"225\" height=\"300\" srcset=\"https:\/\/labestiapolitica.com.mx\/wp-content\/uploads\/2026\/04\/WhatsApp-Image-2026-04-28-at-5.29.03-PM-225x300.jpeg 225w, https:\/\/labestiapolitica.com.mx\/wp-content\/uploads\/2026\/04\/WhatsApp-Image-2026-04-28-at-5.29.03-PM-768x1024.jpeg 768w, https:\/\/labestiapolitica.com.mx\/wp-content\/uploads\/2026\/04\/WhatsApp-Image-2026-04-28-at-5.29.03-PM-1152x1536.jpeg 1152w, https:\/\/labestiapolitica.com.mx\/wp-content\/uploads\/2026\/04\/WhatsApp-Image-2026-04-28-at-5.29.03-PM.jpeg 1200w\" sizes=\"auto, (max-width: 225px) 100vw, 225px\" \/>En este importante encuentro, organizado por el Sistema Estatal para el Desarrollo Integral de la Familia (SEDIF), se cont\u00f3 con la destacada participaci\u00f3n de Magali Rivera Herrera, quien represent\u00f3 al municipio con dedicaci\u00f3n, compromiso y entusiasmo, poniendo en alto el nombre de Emiliano Zapata.<\/p>\n<p style=\"text-align: justify;\">El evento tuvo lugar en el Centro de Capacitaci\u00f3n para Personas con Discapacidad y Adultos Mayores (CECAPDIF), donde se reunieron 15 participantes provenientes de diversos municipios del estado, quienes abordaron temas fundamentales como el derecho a una vida libre de violencia, la erradicaci\u00f3n del trabajo infantil, la no discriminaci\u00f3n, el acceso a la educaci\u00f3n, la igualdad sustantiva y el acceso a la cultura.<\/p>\n<p style=\"text-align: justify;\">A trav\u00e9s de este ejercicio, se fortalece la voz de la ni\u00f1ez y la adolescencia, fomentando su participaci\u00f3n activa en la construcci\u00f3n de una sociedad m\u00e1s justa, incluyente y consciente.<\/p>\n<p style=\"text-align: justify;\">En este sentido, el DIF Municipal de Emiliano Zapata, encabezado por su presidenta honor\u00edfica, Noem\u00ed Romano Galaviz, refrenda su compromiso de impulsar acciones que promuevan el desarrollo integral de la ni\u00f1ez, brindando espacios donde puedan expresar sus ideas, conocer sus derechos y convertirse en agentes de cambio dentro de sus comunidades.<\/p>\n","protected":false},"excerpt":{"rendered":"<p>Con gran entusiasmo y orgullo, el municipio de Emiliano Zapata particip\u00f3 en la Elecci\u00f3n Estatal de la Red de Impulsores de la Transformaci\u00f3n 2026, realizada el pasado 27 de abril, un espacio que promueve la participaci\u00f3n, el liderazgo y el ejercicio de los derechos de ni\u00f1as, ni\u00f1os y adolescentes. En este importante encuentro, organizado por [&hellip;]<\/p>\n","protected":false},"author":5,"featured_media":71417,"comment_status":"open","ping_status":"open","sticky":false,"template":"","format":"standard","meta":{"footnotes":""},"categories":[243,216],"tags":[],"class_list":["post-71416","post","type-post","status-publish","format-standard","has-post-thumbnail","hentry","category-emiliano-zapata","category-municipios"],"amp_enabled":true,"_links":{"self":[{"href":"https:\/\/labestiapolitica.com.mx\/index.php?rest_route=\/wp\/v2\/posts\/71416","targetHints":{"allow":["GET"]}}],"collection":[{"href":"https:\/\/labestiapolitica.com.mx\/index.php?rest_route=\/wp\/v2\/posts"}],"about":[{"href":"https:\/\/labestiapolitica.com.mx\/index.php?rest_route=\/wp\/v2\/types\/post"}],"author":[{"embeddable":true,"href":"https:\/\/labestiapolitica.com.mx\/index.php?rest_route=\/wp\/v2\/users\/5"}],"replies":[{"embeddable":true,"href":"https:\/\/labestiapolitica.com.mx\/index.php?rest_route=%2Fwp%2Fv2%2Fcomments&post=71416"}],"version-history":[{"count":2,"href":"https:\/\/labestiapolitica.com.mx\/index.php?rest_route=\/wp\/v2\/posts\/71416\/revisions"}],"predecessor-version":[{"id":71420,"href":"https:\/\/labestiapolitica.com.mx\/index.php?rest_route=\/wp\/v2\/posts\/71416\/revisions\/71420"}],"wp:featuredmedia":[{"embeddable":true,"href":"https:\/\/labestiapolitica.com.mx\/index.php?rest_route=\/wp\/v2\/media\/71417"}],"wp:attachment":[{"href":"https:\/\/labestiapolitica.com.mx\/index.php?rest_route=%2Fwp%2Fv2%2Fmedia&parent=71416"}],"wp:term":[{"taxonomy":"category","embeddable":true,"href":"https:\/\/labestiapolitica.com.mx\/index.php?rest_route=%2Fwp%2Fv2%2Fcategories&post=71416"},{"taxonomy":"post_tag","embeddable":true,"href":"https:\/\/labestiapolitica.com.mx\/index.php?rest_route=%2Fwp%2Fv2%2Ftags&post=71416"}],"curies":[{"name":"wp","href":"https:\/\/api.w.org\/{rel}","templated":true}]}}