{"id":71421,"date":"2026-04-28T17:37:53","date_gmt":"2026-04-28T23:37:53","guid":{"rendered":"https:\/\/labestiapolitica.com.mx\/?p=71421"},"modified":"2026-04-28T17:37:53","modified_gmt":"2026-04-28T23:37:53","slug":"en-marcha-el-ii-foro-internacional-sobre-investigacion-ambiental-del-cigya-uatx","status":"publish","type":"post","link":"https:\/\/labestiapolitica.com.mx\/?p=71421","title":{"rendered":"En marcha el II Foro Internacional sobre Investigaci\u00f3n Ambiental del CIGyA-UATx."},"content":{"rendered":"<ul>\n<li style=\"font-weight: 400; text-align: justify;\">Estudiantes e investigadores de Colombia, Costa Rica, Canad\u00e1 y M\u00e9xico aportan soluciones a problemas ambientales locales y globales<\/li>\n<\/ul>\n<p style=\"font-weight: 400; text-align: justify;\">Incentivando un di\u00e1logo acad\u00e9mico de alcance nacional e internacional dedicado al intercambio y la difusi\u00f3n de las ciencias ambientales, se inaugur\u00f3 el\u00a0II Foro Internacional sobre Investigaci\u00f3n Ambiental\u00a0que organiza el Centro de Investigaci\u00f3n en Gen\u00e9tica y Ambiente de la Universidad Aut\u00f3noma de Tlaxcala (CIGyA-UATx), en el Auditorio Anexo a Rector\u00eda.<\/p>\n<p style=\"font-weight: 400; text-align: justify;\">El Doctor H\u00e9ctor Santos Luna Zendejas, Coordinador del CIGyA, explic\u00f3 que el foro abordar\u00e1 temas clave relacionados con la ecolog\u00eda, la ecofisiolog\u00eda, la biorremediaci\u00f3n, la evoluci\u00f3n y la ecotoxicolog\u00eda, en un foro de di\u00e1logo cient\u00edfico y reflexi\u00f3n cr\u00edtica sobre los desaf\u00edos ambientales contempor\u00e1neos.<\/p>\n<p style=\"font-weight: 400; text-align: justify;\">Precis\u00f3 que\u00a0el encuentro busca impulsar el desarrollo de estrategias innovadoras de mitigaci\u00f3n ambiental y fortalecer la colaboraci\u00f3n acad\u00e9mica para contribuir a la comprensi\u00f3n y soluci\u00f3n de los problemas ambientales a nivel local y global.<\/p>\n<p style=\"font-weight: 400; text-align: justify;\">Participan estudiantes, investigadores y especialistas en un espacio abierto y colaborativo, donde comparten ideas y experiencias para comprender mejor las complejas interacciones entre los organismos y los contaminantes ambientales.<\/p>\n<p style=\"font-weight: 400; text-align: justify;\">Dentro de las actividades a desarrollar del 28 al 30 de abril, se tiene programada la conferencia magistral del Doctor C\u00e9sar Arturo Ilizaliturri Hern\u00e1ndez, proveniente de la Universidad Aut\u00f3noma de San Luis Potos\u00ed, con el tema \u201cUso de bioindicadores para la evaluaci\u00f3n de efectos ecotoxicol\u00f3gicos y de riesgo en sitios contaminados\u201d, y la\u00a0presentaci\u00f3n de ponencias y trabajos de estudiantes e investigadores de Colombia, Costa Rica, Canad\u00e1 y M\u00e9xico.<\/p>\n","protected":false},"excerpt":{"rendered":"<p>Estudiantes e investigadores de Colombia, Costa Rica, Canad\u00e1 y M\u00e9xico aportan soluciones a problemas ambientales locales y globales Incentivando un di\u00e1logo acad\u00e9mico de alcance nacional e internacional dedicado al intercambio y la difusi\u00f3n de las ciencias ambientales, se inaugur\u00f3 el\u00a0II Foro Internacional sobre Investigaci\u00f3n Ambiental\u00a0que organiza el Centro de Investigaci\u00f3n en Gen\u00e9tica y Ambiente de [&hellip;]<\/p>\n","protected":false},"author":5,"featured_media":71422,"comment_status":"open","ping_status":"open","sticky":false,"template":"","format":"standard","meta":{"footnotes":""},"categories":[213,241],"tags":[],"class_list":["post-71421","post","type-post","status-publish","format-standard","has-post-thumbnail","hentry","category-educacion","category-uatx"],"amp_enabled":true,"_links":{"self":[{"href":"https:\/\/labestiapolitica.com.mx\/index.php?rest_route=\/wp\/v2\/posts\/71421","targetHints":{"allow":["GET"]}}],"collection":[{"href":"https:\/\/labestiapolitica.com.mx\/index.php?rest_route=\/wp\/v2\/posts"}],"about":[{"href":"https:\/\/labestiapolitica.com.mx\/index.php?rest_route=\/wp\/v2\/types\/post"}],"author":[{"embeddable":true,"href":"https:\/\/labestiapolitica.com.mx\/index.php?rest_route=\/wp\/v2\/users\/5"}],"replies":[{"embeddable":true,"href":"https:\/\/labestiapolitica.com.mx\/index.php?rest_route=%2Fwp%2Fv2%2Fcomments&post=71421"}],"version-history":[{"count":1,"href":"https:\/\/labestiapolitica.com.mx\/index.php?rest_route=\/wp\/v2\/posts\/71421\/revisions"}],"predecessor-version":[{"id":71423,"href":"https:\/\/labestiapolitica.com.mx\/index.php?rest_route=\/wp\/v2\/posts\/71421\/revisions\/71423"}],"wp:featuredmedia":[{"embeddable":true,"href":"https:\/\/labestiapolitica.com.mx\/index.php?rest_route=\/wp\/v2\/media\/71422"}],"wp:attachment":[{"href":"https:\/\/labestiapolitica.com.mx\/index.php?rest_route=%2Fwp%2Fv2%2Fmedia&parent=71421"}],"wp:term":[{"taxonomy":"category","embeddable":true,"href":"https:\/\/labestiapolitica.com.mx\/index.php?rest_route=%2Fwp%2Fv2%2Fcategories&post=71421"},{"taxonomy":"post_tag","embeddable":true,"href":"https:\/\/labestiapolitica.com.mx\/index.php?rest_route=%2Fwp%2Fv2%2Ftags&post=71421"}],"curies":[{"name":"wp","href":"https:\/\/api.w.org\/{rel}","templated":true}]}}