{"id":71424,"date":"2026-04-28T17:40:07","date_gmt":"2026-04-28T23:40:07","guid":{"rendered":"https:\/\/labestiapolitica.com.mx\/?p=71424"},"modified":"2026-04-28T17:40:07","modified_gmt":"2026-04-28T23:40:07","slug":"propone-emilio-de-la-pena-reformar-ley-municipal-para-dar-certeza-en-sustitucion-del-presidente-municipal","status":"publish","type":"post","link":"https:\/\/labestiapolitica.com.mx\/?p=71424","title":{"rendered":"Propone Emilio De la Pe\u00f1a reformar ley municipal para dar certeza en sustituci\u00f3n del Presidente Municipal."},"content":{"rendered":"<p style=\"font-weight: 400; text-align: justify;\">El diputado Emilio De la Pe\u00f1a Aponte present\u00f3 ante el Pleno la Iniciativa con Proyecto de Decreto por la que propone reformar el segundo p\u00e1rrafo del art\u00edculo 24 de la Ley Municipal del Estado de Tlaxcala, con el objetivo de brindar mayor certeza jur\u00eddica en la sustituci\u00f3n de la figura del Presidente Municipal y evitar vac\u00edos de autoridad en los ayuntamientos.<\/p>\n<p style=\"font-weight: 400; text-align: justify;\">Durante la exposici\u00f3n de motivos, De la Pe\u00f1a Aponte se\u00f1al\u00f3 que la legislaci\u00f3n vigente carece de una definici\u00f3n precisa sobre lo que debe entenderse por faltas temporales del Presidente Municipal, lo que genera incertidumbre jur\u00eddica y posibles retrasos en la toma de decisiones dentro de los ayuntamientos. En ese sentido, la propuesta busca eliminar ambig\u00fcedades mediante un criterio objetivo basado en el tiempo de ausencia.<\/p>\n<p style=\"font-weight: 400; text-align: justify;\">La iniciativa plantea que las faltas del Presidente Municipal mayores a quince d\u00edas naturales sean cubiertas por el suplente, lo que permitir\u00e1 garantizar continuidad en la administraci\u00f3n p\u00fablica municipal, evitar vac\u00edos de autoridad y asegurar la adecuada prestaci\u00f3n de los servicios p\u00fablicos, as\u00ed como la representaci\u00f3n institucional del Ayuntamiento.<\/p>\n<p style=\"font-weight: 400; text-align: justify;\">Asimismo, se destaca que esta modificaci\u00f3n fortalece la certeza jur\u00eddica tanto para las autoridades municipales como para la ciudadan\u00eda, al establecer con claridad el procedimiento de sustituci\u00f3n y evitar interpretaciones discrecionales sobre la naturaleza de las ausencias.<\/p>\n<p style=\"font-weight: 400; text-align: justify;\">Con esta propuesta, se busca consolidar un sistema m\u00e1s eficiente y ordenado que contribuya a la gobernabilidad municipal, privilegiando el inter\u00e9s p\u00fablico y el derecho a una buena administraci\u00f3n.<\/p>\n<p style=\"font-weight: 400; text-align: justify;\">Tras la presentaci\u00f3n de la Iniciativa, se instruy\u00f3 su remisi\u00f3n a la Comisi\u00f3n de Puntos Constitucionales, Gobernaci\u00f3n y Justicia y Asuntos Pol\u00edticos para su estudio, an\u00e1lisis y dictamen correspondiente.<\/p>\n","protected":false},"excerpt":{"rendered":"<p>El diputado Emilio De la Pe\u00f1a Aponte present\u00f3 ante el Pleno la Iniciativa con Proyecto de Decreto por la que propone reformar el segundo p\u00e1rrafo del art\u00edculo 24 de la Ley Municipal del Estado de Tlaxcala, con el objetivo de brindar mayor certeza jur\u00eddica en la sustituci\u00f3n de la figura del Presidente Municipal y evitar [&hellip;]<\/p>\n","protected":false},"author":5,"featured_media":71425,"comment_status":"open","ping_status":"open","sticky":false,"template":"","format":"standard","meta":{"footnotes":""},"categories":[224,247],"tags":[],"class_list":["post-71424","post","type-post","status-publish","format-standard","has-post-thumbnail","hentry","category-congreso-del-estado-de-tlaxcala","category-politica"],"amp_enabled":true,"_links":{"self":[{"href":"https:\/\/labestiapolitica.com.mx\/index.php?rest_route=\/wp\/v2\/posts\/71424","targetHints":{"allow":["GET"]}}],"collection":[{"href":"https:\/\/labestiapolitica.com.mx\/index.php?rest_route=\/wp\/v2\/posts"}],"about":[{"href":"https:\/\/labestiapolitica.com.mx\/index.php?rest_route=\/wp\/v2\/types\/post"}],"author":[{"embeddable":true,"href":"https:\/\/labestiapolitica.com.mx\/index.php?rest_route=\/wp\/v2\/users\/5"}],"replies":[{"embeddable":true,"href":"https:\/\/labestiapolitica.com.mx\/index.php?rest_route=%2Fwp%2Fv2%2Fcomments&post=71424"}],"version-history":[{"count":1,"href":"https:\/\/labestiapolitica.com.mx\/index.php?rest_route=\/wp\/v2\/posts\/71424\/revisions"}],"predecessor-version":[{"id":71426,"href":"https:\/\/labestiapolitica.com.mx\/index.php?rest_route=\/wp\/v2\/posts\/71424\/revisions\/71426"}],"wp:featuredmedia":[{"embeddable":true,"href":"https:\/\/labestiapolitica.com.mx\/index.php?rest_route=\/wp\/v2\/media\/71425"}],"wp:attachment":[{"href":"https:\/\/labestiapolitica.com.mx\/index.php?rest_route=%2Fwp%2Fv2%2Fmedia&parent=71424"}],"wp:term":[{"taxonomy":"category","embeddable":true,"href":"https:\/\/labestiapolitica.com.mx\/index.php?rest_route=%2Fwp%2Fv2%2Fcategories&post=71424"},{"taxonomy":"post_tag","embeddable":true,"href":"https:\/\/labestiapolitica.com.mx\/index.php?rest_route=%2Fwp%2Fv2%2Ftags&post=71424"}],"curies":[{"name":"wp","href":"https:\/\/api.w.org\/{rel}","templated":true}]}}