{"id":71427,"date":"2026-04-28T17:44:19","date_gmt":"2026-04-28T23:44:19","guid":{"rendered":"https:\/\/labestiapolitica.com.mx\/?p=71427"},"modified":"2026-04-28T17:44:19","modified_gmt":"2026-04-28T23:44:19","slug":"tlaxcala-se-alista-para-el-simulacro-nacional-del-6-de-mayo-llaman-a-participar-desde-hogares-escuelas-y-oficinas","status":"publish","type":"post","link":"https:\/\/labestiapolitica.com.mx\/?p=71427","title":{"rendered":"Tlaxcala se alista para el simulacro nacional del 6 de mayo; llaman a participar desde hogares, escuelas y oficinas."},"content":{"rendered":"<ul>\n<li style=\"text-align: justify;\">El ejercicio ser\u00e1 a las 11:00 horas con hip\u00f3tesis de sismo de magnitud 8.2; habr\u00e1 alerta en celulares y registro previo de inmuebles.<\/li>\n<\/ul>\n<p style=\"text-align: justify;\">La Coordinaci\u00f3n Estatal de Protecci\u00f3n Civil (CEPC) convoc\u00f3 a la poblaci\u00f3n tlaxcalteca a participar en el Primer Simulacro Nacional 2026, que se realizar\u00e1 el pr\u00f3ximo 6 de mayo a las 11:00 horas, con el prop\u00f3sito de fortalecer la cultura de la prevenci\u00f3n y mejorar la capacidad de respuesta ante emergencias.<\/p>\n<p style=\"text-align: justify;\">Durante los \u201cDi\u00e1logos Circulares\u201d de la Coordinaci\u00f3n de Comunicaci\u00f3n, el titular de la CEPC, Juvencio Nieto Galicia, subray\u00f3 la importancia de que la ciudadan\u00eda se involucre activamente desde sus hogares, centros de trabajo y escuelas.<\/p>\n<p style=\"text-align: justify;\">El ejercicio se desarrollar\u00e1 bajo la hip\u00f3tesis de un sismo de magnitud 8.2, con epicentro en la costa de Guerrero, a 55 kil\u00f3metros al noroeste de Acapulco, entre Petatl\u00e1n y Coyuca de Ben\u00edtez, con una profundidad de 18 kil\u00f3metros. Para Tlaxcala, se prev\u00e9 una intensidad moderada.<\/p>\n<p style=\"text-align: justify;\">Como parte del simulacro, se contempla el env\u00edo de mensajes de alerta a tel\u00e9fonos celulares, con el fin de fortalecer los mecanismos de difusi\u00f3n y reacci\u00f3n de la poblaci\u00f3n.<\/p>\n<p style=\"text-align: justify;\">Las personas interesadas podr\u00e1n registrar viviendas, escuelas y edificios p\u00fablicos en la plataforma oficial del simulacro (https:\/\/simulacronacional.sspc.gob.mx\/simulacromayo2026\/) hasta el 5 de mayo a las 23:59 horas, a fin de participar de manera organizada.<\/p>\n<p style=\"text-align: justify;\">Las autoridades exhortaron a identificar previamente zonas seguras, ubicar rutas de evacuaci\u00f3n y mantener la calma durante el ejercicio, siguiendo en todo momento las indicaciones oficiales.<\/p>\n<p style=\"text-align: justify;\">Nieto Galicia enfatiz\u00f3 que estos simulacros deben asumirse como una pr\u00e1ctica cotidiana, tambi\u00e9n en el entorno familiar, para saber c\u00f3mo actuar antes, durante y despu\u00e9s de una emergencia.<\/p>\n<p style=\"text-align: justify;\">_*Refuerzan preparaci\u00f3n ante temporada de lluvias*_<\/p>\n<p style=\"text-align: justify;\">El funcionario inform\u00f3 que Tlaxcala particip\u00f3 en la Reuni\u00f3n Nacional de Protecci\u00f3n Civil, realizada del 22 al 24 de abril, donde se fortalecieron protocolos de actuaci\u00f3n y coordinaci\u00f3n interinstitucional.<\/p>\n<p style=\"text-align: justify;\">Para la temporada 2026, se prev\u00e9 la formaci\u00f3n de entre 18 y 21 sistemas tropicales en el Pac\u00edfico y de 11 a 15 en el Atl\u00e1ntico, los cuales podr\u00edan evolucionar en tormentas, ciclones y huracanes.<\/p>\n<p style=\"text-align: justify;\">Asimismo, se reforzaron capacitaciones en primeros auxilios, identificaci\u00f3n de riesgos y atenci\u00f3n de emergencias en coordinaci\u00f3n con municipios.<\/p>\n<p style=\"text-align: justify;\">La CEPC reiter\u00f3 el llamado a la ciudadan\u00eda a participar en el simulacro, al destacar que la prevenci\u00f3n y la participaci\u00f3n activa son clave para salvaguardar la vida.<\/p>\n","protected":false},"excerpt":{"rendered":"<p>El ejercicio ser\u00e1 a las 11:00 horas con hip\u00f3tesis de sismo de magnitud 8.2; habr\u00e1 alerta en celulares y registro previo de inmuebles. La Coordinaci\u00f3n Estatal de Protecci\u00f3n Civil (CEPC) convoc\u00f3 a la poblaci\u00f3n tlaxcalteca a participar en el Primer Simulacro Nacional 2026, que se realizar\u00e1 el pr\u00f3ximo 6 de mayo a las 11:00 horas, [&hellip;]<\/p>\n","protected":false},"author":5,"featured_media":71428,"comment_status":"open","ping_status":"open","sticky":false,"template":"","format":"standard","meta":{"footnotes":""},"categories":[236],"tags":[],"class_list":["post-71427","post","type-post","status-publish","format-standard","has-post-thumbnail","hentry","category-gobierno-de-tlaxcala"],"amp_enabled":true,"_links":{"self":[{"href":"https:\/\/labestiapolitica.com.mx\/index.php?rest_route=\/wp\/v2\/posts\/71427","targetHints":{"allow":["GET"]}}],"collection":[{"href":"https:\/\/labestiapolitica.com.mx\/index.php?rest_route=\/wp\/v2\/posts"}],"about":[{"href":"https:\/\/labestiapolitica.com.mx\/index.php?rest_route=\/wp\/v2\/types\/post"}],"author":[{"embeddable":true,"href":"https:\/\/labestiapolitica.com.mx\/index.php?rest_route=\/wp\/v2\/users\/5"}],"replies":[{"embeddable":true,"href":"https:\/\/labestiapolitica.com.mx\/index.php?rest_route=%2Fwp%2Fv2%2Fcomments&post=71427"}],"version-history":[{"count":1,"href":"https:\/\/labestiapolitica.com.mx\/index.php?rest_route=\/wp\/v2\/posts\/71427\/revisions"}],"predecessor-version":[{"id":71429,"href":"https:\/\/labestiapolitica.com.mx\/index.php?rest_route=\/wp\/v2\/posts\/71427\/revisions\/71429"}],"wp:featuredmedia":[{"embeddable":true,"href":"https:\/\/labestiapolitica.com.mx\/index.php?rest_route=\/wp\/v2\/media\/71428"}],"wp:attachment":[{"href":"https:\/\/labestiapolitica.com.mx\/index.php?rest_route=%2Fwp%2Fv2%2Fmedia&parent=71427"}],"wp:term":[{"taxonomy":"category","embeddable":true,"href":"https:\/\/labestiapolitica.com.mx\/index.php?rest_route=%2Fwp%2Fv2%2Fcategories&post=71427"},{"taxonomy":"post_tag","embeddable":true,"href":"https:\/\/labestiapolitica.com.mx\/index.php?rest_route=%2Fwp%2Fv2%2Ftags&post=71427"}],"curies":[{"name":"wp","href":"https:\/\/api.w.org\/{rel}","templated":true}]}}