{"id":71430,"date":"2026-04-28T17:46:20","date_gmt":"2026-04-28T23:46:20","guid":{"rendered":"https:\/\/labestiapolitica.com.mx\/?p=71430"},"modified":"2026-04-28T17:46:20","modified_gmt":"2026-04-28T23:46:20","slug":"impulsa-gobierno-de-tlaxcala-conciencia-digital-y-bienestar-emocional-en-las-aulas","status":"publish","type":"post","link":"https:\/\/labestiapolitica.com.mx\/?p=71430","title":{"rendered":"Impulsa Gobierno de Tlaxcala conciencia digital y bienestar emocional en las aulas."},"content":{"rendered":"<ul>\n<li style=\"text-align: justify;\">La gobernadora Lorena Cu\u00e9llar llamo a reconstruir el di\u00e1logo familiar frente al uso excesivo de la tecnolog\u00eda.<\/li>\n<\/ul>\n<p style=\"text-align: justify;\">Con el prop\u00f3sito de reflexionar sobre el impacto de la tecnolog\u00eda en la educaci\u00f3n y el bienestar emocional de las juventudes, la gobernadora Lorena Cu\u00e9llar Cisneros encabez\u00f3 el Foro Estatal \u201cConectividad Cr\u00edtica y Salud Mental en el Aula\u201d, realizado en el Instituto Tecnol\u00f3gico de Apizaco, donde destac\u00f3 la urgencia de atender este fen\u00f3meno desde un enfoque integral.<\/p>\n<p style=\"text-align: justify;\">Durante su mensaje inaugural, la mandataria estatal subray\u00f3 la necesidad de fortalecer los v\u00ednculos familiares y sociales frente a la creciente dependencia digital. \u201cNos preocupa ver familias desintegradas, sin di\u00e1logo, sin que nos conozcamos a veces entre familias, en una mesa todos est\u00e1n conectados a un celular y es triste haber perdido esa comunicaci\u00f3n\u201d, expres\u00f3.<\/p>\n<p style=\"text-align: justify;\">Cu\u00e9llar Cisneros enfatiz\u00f3 que, si bien la tecnolog\u00eda representa una herramienta valiosa, su uso sin conciencia puede convertirse en un riesgo silencioso, pues se\u00f1al\u00f3 que hay j\u00f3venes que est\u00e1n hasta nueve o diez horas conectadas en celular y se est\u00e1n perdiendo de la vida.<\/p>\n<p style=\"text-align: justify;\">Indic\u00f3 que su administraci\u00f3n ha implementado acciones concretas para atender la salud emocional, como la creaci\u00f3n de 38 Cl\u00ednicas de las Emociones, ya que \u201chay j\u00f3venes que lamentablemente entran en depresi\u00f3n y eso es muy triste porque, aunque est\u00e1n conectados todo el d\u00eda, dentro de su coraz\u00f3n est\u00e1n en soledad\u201d.<\/p>\n<p style=\"text-align: justify;\">\u201cQueremos que nuestros j\u00f3venes crezcan con amor, con libertad, pero tambi\u00e9n con l\u00edmites, que se acerquen a la tecnolog\u00eda, pero sin perder el di\u00e1logo\u201d, dijo la gobernadora al hacer un llamado a construir una educaci\u00f3n con l\u00edmites y acompa\u00f1amiento.<\/p>\n<p style=\"text-align: justify;\">En su intervenci\u00f3n, el secretario de Educaci\u00f3n P\u00fablica del Estado (SEPE), Homero Meneses Hern\u00e1ndez, destac\u00f3 que este espacio no solo aborda temas tecnol\u00f3gicos, sino humanos. \u201cNo nos convoca \u00fanicamente hablar de dispositivos, nos convoca al territorio m\u00e1s valioso que tenemos como sociedad: la mente y el coraz\u00f3n de nuestras ni\u00f1as, ni\u00f1os y adolescentes\u201d, afirm\u00f3.<\/p>\n<p style=\"text-align: justify;\">Alert\u00f3 sobre los riesgos de la sobreexposici\u00f3n digital, al referir que \u201cno viene de la falta de informaci\u00f3n, sino de la sobreinformaci\u00f3n, un ruido constante de pantallas que no siempre educan y que en ocasiones incluso lastiman\u201d, al tiempo que subray\u00f3 que el uso excesivo de redes sociales est\u00e1 vinculado con ansiedad y depresi\u00f3n.<\/p>\n<p style=\"text-align: justify;\">Meneses Hern\u00e1ndez insisti\u00f3 en la necesidad de formar pensamiento cr\u00edtico en el uso de la tecnolog\u00eda. \u201cLa conectividad sin conciencia es un riesgo, no queremos j\u00f3venes que midan su valor por el n\u00famero de likes, la vida va mucho m\u00e1s all\u00e1 de esa temporalidad\u201d, expres\u00f3.<\/p>\n<p style=\"text-align: justify;\">Recalc\u00f3 que la soluci\u00f3n no es la prohibici\u00f3n, sino la educaci\u00f3n, toda vez que no basta con vigilar ni prohibir, sino que se tiene que educar para comprender y se necesita una revoluci\u00f3n de conciencia para que la tecnolog\u00eda est\u00e9 al servicio del aprendizaje.<\/p>\n<p style=\"text-align: justify;\">En su intervenci\u00f3n, la directora del Instituto Tecnol\u00f3gico de Apizaco, Yesica Imelda Saavedra Ben\u00edtez, dio la bienvenida a las autoridades y reconoci\u00f3 la importancia del foro. \u201cLa tecnolog\u00eda ofrece enormes oportunidades, pero tambi\u00e9n plantea retos reales para la atenci\u00f3n, la convivencia y la salud emocional\u201d, se\u00f1al\u00f3.<\/p>\n<p style=\"text-align: justify;\">Finalmente, destac\u00f3 que este tipo de espacios permiten replantear el papel de las instituciones educativas. \u201cReflexionar sobre su uso cr\u00edtico nos permite repensar la escuela como un espacio de acompa\u00f1amiento, escucha y formaci\u00f3n integral\u201d, concluy\u00f3.<\/p>\n","protected":false},"excerpt":{"rendered":"<p>La gobernadora Lorena Cu\u00e9llar llamo a reconstruir el di\u00e1logo familiar frente al uso excesivo de la tecnolog\u00eda. Con el prop\u00f3sito de reflexionar sobre el impacto de la tecnolog\u00eda en la educaci\u00f3n y el bienestar emocional de las juventudes, la gobernadora Lorena Cu\u00e9llar Cisneros encabez\u00f3 el Foro Estatal \u201cConectividad Cr\u00edtica y Salud Mental en el Aula\u201d, [&hellip;]<\/p>\n","protected":false},"author":5,"featured_media":71431,"comment_status":"open","ping_status":"open","sticky":false,"template":"","format":"standard","meta":{"footnotes":""},"categories":[236],"tags":[],"class_list":["post-71430","post","type-post","status-publish","format-standard","has-post-thumbnail","hentry","category-gobierno-de-tlaxcala"],"amp_enabled":true,"_links":{"self":[{"href":"https:\/\/labestiapolitica.com.mx\/index.php?rest_route=\/wp\/v2\/posts\/71430","targetHints":{"allow":["GET"]}}],"collection":[{"href":"https:\/\/labestiapolitica.com.mx\/index.php?rest_route=\/wp\/v2\/posts"}],"about":[{"href":"https:\/\/labestiapolitica.com.mx\/index.php?rest_route=\/wp\/v2\/types\/post"}],"author":[{"embeddable":true,"href":"https:\/\/labestiapolitica.com.mx\/index.php?rest_route=\/wp\/v2\/users\/5"}],"replies":[{"embeddable":true,"href":"https:\/\/labestiapolitica.com.mx\/index.php?rest_route=%2Fwp%2Fv2%2Fcomments&post=71430"}],"version-history":[{"count":1,"href":"https:\/\/labestiapolitica.com.mx\/index.php?rest_route=\/wp\/v2\/posts\/71430\/revisions"}],"predecessor-version":[{"id":71432,"href":"https:\/\/labestiapolitica.com.mx\/index.php?rest_route=\/wp\/v2\/posts\/71430\/revisions\/71432"}],"wp:featuredmedia":[{"embeddable":true,"href":"https:\/\/labestiapolitica.com.mx\/index.php?rest_route=\/wp\/v2\/media\/71431"}],"wp:attachment":[{"href":"https:\/\/labestiapolitica.com.mx\/index.php?rest_route=%2Fwp%2Fv2%2Fmedia&parent=71430"}],"wp:term":[{"taxonomy":"category","embeddable":true,"href":"https:\/\/labestiapolitica.com.mx\/index.php?rest_route=%2Fwp%2Fv2%2Fcategories&post=71430"},{"taxonomy":"post_tag","embeddable":true,"href":"https:\/\/labestiapolitica.com.mx\/index.php?rest_route=%2Fwp%2Fv2%2Ftags&post=71430"}],"curies":[{"name":"wp","href":"https:\/\/api.w.org\/{rel}","templated":true}]}}