{"id":71433,"date":"2026-04-28T17:49:13","date_gmt":"2026-04-28T23:49:13","guid":{"rendered":"https:\/\/labestiapolitica.com.mx\/?p=71433"},"modified":"2026-04-28T17:49:13","modified_gmt":"2026-04-28T23:49:13","slug":"realiza-sedif-eleccion-estatal-de-la-red-de-impulsores-de-la-transformacion-2026","status":"publish","type":"post","link":"https:\/\/labestiapolitica.com.mx\/?p=71433","title":{"rendered":"Realiza SEDIF elecci\u00f3n estatal de la Red de Impulsores de la Transformaci\u00f3n 2026."},"content":{"rendered":"<ul>\n<li style=\"text-align: justify;\">La entidad cuenta con una red integrada por m\u00e1s de 230 ni\u00f1as, ni\u00f1os y adolescentes; este a\u00f1o se sumaron 15 nuevos representantes.<\/li>\n<\/ul>\n<p style=\"text-align: justify;\">Con el prop\u00f3sito de fortalecer la participaci\u00f3n de ni\u00f1as, ni\u00f1os y adolescentes en la vida p\u00fablica, el Sistema Estatal para el Desarrollo Integral de la Familia (SEDIF) realiz\u00f3 la Elecci\u00f3n Estatal de la Red de Impulsores de la Transformaci\u00f3n 2026, espacio orientado a fomentar el liderazgo, la expresi\u00f3n y el ejercicio pleno de los derechos de la ni\u00f1ez tlaxcalteca.<\/p>\n<p style=\"text-align: justify;\">La jornada se desarroll\u00f3 en el Centro de Capacitaci\u00f3n para Personas con Discapacidad y Adultos Mayores (CECAPDIF), encabezada por la presidenta honor\u00edfica del SEDIF, Mariana Espinosa de los Monteros Cu\u00e9llar, y la directora general del organismo, Flor L\u00f3pez Hinojosa.<\/p>\n<p style=\"text-align: justify;\">Durante el evento se destac\u00f3 que brindar espacios de participaci\u00f3n a ni\u00f1as, ni\u00f1os y adolescentes permite enriquecer su entorno y fortalece la construcci\u00f3n de una sociedad m\u00e1s justa, incluyente y consciente de sus derechos.<\/p>\n<p style=\"text-align: justify;\">En esta edici\u00f3n participaron 15 representantes de los municipios de San Pablo del Monte, Zacualpan, Apetatitl\u00e1n, Contla, Espa\u00f1ita, Xaltocan, Ixtenco, Tetla, Tlaxco, Apizaco, Zacatelco y Emiliano Zapata, quienes expusieron temas como el derecho a una vida libre de violencia, la erradicaci\u00f3n del trabajo infantil, la no discriminaci\u00f3n, el acceso a la educaci\u00f3n, la igualdad sustantiva y el derecho a la cultura, as\u00ed como a espacios culturales y bibliotecas.<\/p>\n<p style=\"text-align: justify;\">Autoridades del organismo informaron que actualmente la Red de Impulsores de la Transformaci\u00f3n en Tlaxcala est\u00e1 conformada por m\u00e1s de 230 integrantes, consolid\u00e1ndose como un mecanismo donde la ni\u00f1ez conoce sus derechos, aprende a ejercerlos y los comparte en sus familias, escuelas y comunidades.<\/p>\n<p style=\"text-align: justify;\">Asimismo, se reconoci\u00f3 la labor de los Sistemas Municipales DIF en las jornadas previas para la integraci\u00f3n de representantes en los distintos distritos judiciales de la entidad.<\/p>\n<p style=\"text-align: justify;\">Al acto asistieron tambi\u00e9n la presidenta del Poder Judicial de Tlaxcala, Fanny Margarita Amador Montes; la presidenta de la Comisi\u00f3n Estatal de Derechos Humanos, Jakqueline Ord\u00f3\u00f1ez Brasdefer; la presidenta de la Sala Civil-Familiar del Poder Judicial, Anel Ba\u00f1uelos Meneses; y la titular de la Procuradur\u00eda de Protecci\u00f3n de Ni\u00f1as, Ni\u00f1os y Adolescentes del SEDIF, Guadalupe Hern\u00e1ndez Montes.<\/p>\n<p style=\"text-align: justify;\">Con estas acciones, el SEDIF Tlaxcala refrend\u00f3 su compromiso de seguir impulsando espacios donde la voz de la ni\u00f1ez y adolescencia sea escuchada y tomada en cuenta en la construcci\u00f3n de un mejor presente para todas y todos.<\/p>\n","protected":false},"excerpt":{"rendered":"<p>La entidad cuenta con una red integrada por m\u00e1s de 230 ni\u00f1as, ni\u00f1os y adolescentes; este a\u00f1o se sumaron 15 nuevos representantes. Con el prop\u00f3sito de fortalecer la participaci\u00f3n de ni\u00f1as, ni\u00f1os y adolescentes en la vida p\u00fablica, el Sistema Estatal para el Desarrollo Integral de la Familia (SEDIF) realiz\u00f3 la Elecci\u00f3n Estatal de la [&hellip;]<\/p>\n","protected":false},"author":5,"featured_media":71435,"comment_status":"open","ping_status":"open","sticky":false,"template":"","format":"standard","meta":{"footnotes":""},"categories":[236],"tags":[],"class_list":["post-71433","post","type-post","status-publish","format-standard","has-post-thumbnail","hentry","category-gobierno-de-tlaxcala"],"amp_enabled":true,"_links":{"self":[{"href":"https:\/\/labestiapolitica.com.mx\/index.php?rest_route=\/wp\/v2\/posts\/71433","targetHints":{"allow":["GET"]}}],"collection":[{"href":"https:\/\/labestiapolitica.com.mx\/index.php?rest_route=\/wp\/v2\/posts"}],"about":[{"href":"https:\/\/labestiapolitica.com.mx\/index.php?rest_route=\/wp\/v2\/types\/post"}],"author":[{"embeddable":true,"href":"https:\/\/labestiapolitica.com.mx\/index.php?rest_route=\/wp\/v2\/users\/5"}],"replies":[{"embeddable":true,"href":"https:\/\/labestiapolitica.com.mx\/index.php?rest_route=%2Fwp%2Fv2%2Fcomments&post=71433"}],"version-history":[{"count":1,"href":"https:\/\/labestiapolitica.com.mx\/index.php?rest_route=\/wp\/v2\/posts\/71433\/revisions"}],"predecessor-version":[{"id":71436,"href":"https:\/\/labestiapolitica.com.mx\/index.php?rest_route=\/wp\/v2\/posts\/71433\/revisions\/71436"}],"wp:featuredmedia":[{"embeddable":true,"href":"https:\/\/labestiapolitica.com.mx\/index.php?rest_route=\/wp\/v2\/media\/71435"}],"wp:attachment":[{"href":"https:\/\/labestiapolitica.com.mx\/index.php?rest_route=%2Fwp%2Fv2%2Fmedia&parent=71433"}],"wp:term":[{"taxonomy":"category","embeddable":true,"href":"https:\/\/labestiapolitica.com.mx\/index.php?rest_route=%2Fwp%2Fv2%2Fcategories&post=71433"},{"taxonomy":"post_tag","embeddable":true,"href":"https:\/\/labestiapolitica.com.mx\/index.php?rest_route=%2Fwp%2Fv2%2Ftags&post=71433"}],"curies":[{"name":"wp","href":"https:\/\/api.w.org\/{rel}","templated":true}]}}