{"id":71444,"date":"2026-04-28T17:56:04","date_gmt":"2026-04-28T23:56:04","guid":{"rendered":"https:\/\/labestiapolitica.com.mx\/?p=71444"},"modified":"2026-04-28T17:56:04","modified_gmt":"2026-04-28T23:56:04","slug":"celebran-el-dia-de-la-nina-y-el-nino-con-estudiantes-del-cam-01-de-zacatelco","status":"publish","type":"post","link":"https:\/\/labestiapolitica.com.mx\/?p=71444","title":{"rendered":"Celebran el D\u00eda de la Ni\u00f1a y el Ni\u00f1o con estudiantes del CAM 01 de Zacatelco."},"content":{"rendered":"<p style=\"text-align: justify;\">Como parte de las acciones para promover la inclusi\u00f3n y el bienestar de la ni\u00f1ez, el Gobierno Municipal de Zacatelco, encabezado por el presidente Jos\u00e9 Miguel Acatzi Luna, llev\u00f3 a cabo un emotivo festejo para las ni\u00f1as y ni\u00f1os del Centro de Atenci\u00f3n M\u00faltiple (CAM) 01, a trav\u00e9s del Instituto Municipal de Atenci\u00f3n a Personas con Discapacidad.<\/p>\n<p style=\"text-align: justify;\">Durante esta celebraci\u00f3n, las y los estudiantes disfrutaron de un ambiente lleno de alegr\u00eda, con la participaci\u00f3n de payasos, din\u00e1micas recreativas, as\u00ed como la entrega de alimentos, pastel y diversas sorpresas. El presidente municipal convivi\u00f3 con las y los peque\u00f1os, realizando la entrega de juguetes, acompa\u00f1ado por la presidenta honor\u00edfica del Sistema Municipal DIF Natali Chamorro Garz\u00f3n.<\/p>\n<p style=\"text-align: justify;\">En su mensaje, el presidente destac\u00f3 que este festejo forma parte de las actividades organizadas por el Gobierno Municipal en el marco del D\u00eda de la Ni\u00f1a y el Ni\u00f1o, subrayando la importancia de generar espacios de alegr\u00eda y convivencia para la ni\u00f1ez.<\/p>\n<p style=\"text-align: justify;\">Por su parte, el titular del Instituto Municipal de Atenci\u00f3n a Personas con Discapacidad Josu\u00e9 M\u00e9ndez Gonz\u00e1lez, reconoci\u00f3 el respaldo de la administraci\u00f3n municipal, destacando que la realizaci\u00f3n de este tipo de eventos dirigidos a ni\u00f1as y ni\u00f1os con discapacidad refleja el compromiso de construir un municipio incluyente y con igualdad de oportunidades.<\/p>\n<p style=\"text-align: justify;\">La jornada concluy\u00f3 con la entrega de juguetes y actividades recreativas, en un ambiente de convivencia, sonrisas y celebraci\u00f3n, reafirmando la importancia de impulsar acciones que fortalezcan la inclusi\u00f3n y el desarrollo integral de la ni\u00f1ez.<\/p>\n<p style=\"text-align: justify;\">Con estas acciones, el Gobierno Municipal de Zacatelco refrenda su compromiso de trabajar por una sociedad m\u00e1s justa, incluyente y solidaria.<\/p>\n","protected":false},"excerpt":{"rendered":"<p>Como parte de las acciones para promover la inclusi\u00f3n y el bienestar de la ni\u00f1ez, el Gobierno Municipal de Zacatelco, encabezado por el presidente Jos\u00e9 Miguel Acatzi Luna, llev\u00f3 a cabo un emotivo festejo para las ni\u00f1as y ni\u00f1os del Centro de Atenci\u00f3n M\u00faltiple (CAM) 01, a trav\u00e9s del Instituto Municipal de Atenci\u00f3n a Personas [&hellip;]<\/p>\n","protected":false},"author":5,"featured_media":71445,"comment_status":"open","ping_status":"open","sticky":false,"template":"","format":"standard","meta":{"footnotes":""},"categories":[216,217],"tags":[],"class_list":["post-71444","post","type-post","status-publish","format-standard","has-post-thumbnail","hentry","category-municipios","category-zacatelco"],"amp_enabled":true,"_links":{"self":[{"href":"https:\/\/labestiapolitica.com.mx\/index.php?rest_route=\/wp\/v2\/posts\/71444","targetHints":{"allow":["GET"]}}],"collection":[{"href":"https:\/\/labestiapolitica.com.mx\/index.php?rest_route=\/wp\/v2\/posts"}],"about":[{"href":"https:\/\/labestiapolitica.com.mx\/index.php?rest_route=\/wp\/v2\/types\/post"}],"author":[{"embeddable":true,"href":"https:\/\/labestiapolitica.com.mx\/index.php?rest_route=\/wp\/v2\/users\/5"}],"replies":[{"embeddable":true,"href":"https:\/\/labestiapolitica.com.mx\/index.php?rest_route=%2Fwp%2Fv2%2Fcomments&post=71444"}],"version-history":[{"count":1,"href":"https:\/\/labestiapolitica.com.mx\/index.php?rest_route=\/wp\/v2\/posts\/71444\/revisions"}],"predecessor-version":[{"id":71446,"href":"https:\/\/labestiapolitica.com.mx\/index.php?rest_route=\/wp\/v2\/posts\/71444\/revisions\/71446"}],"wp:featuredmedia":[{"embeddable":true,"href":"https:\/\/labestiapolitica.com.mx\/index.php?rest_route=\/wp\/v2\/media\/71445"}],"wp:attachment":[{"href":"https:\/\/labestiapolitica.com.mx\/index.php?rest_route=%2Fwp%2Fv2%2Fmedia&parent=71444"}],"wp:term":[{"taxonomy":"category","embeddable":true,"href":"https:\/\/labestiapolitica.com.mx\/index.php?rest_route=%2Fwp%2Fv2%2Fcategories&post=71444"},{"taxonomy":"post_tag","embeddable":true,"href":"https:\/\/labestiapolitica.com.mx\/index.php?rest_route=%2Fwp%2Fv2%2Ftags&post=71444"}],"curies":[{"name":"wp","href":"https:\/\/api.w.org\/{rel}","templated":true}]}}