{"id":71459,"date":"2026-04-28T19:29:56","date_gmt":"2026-04-29T01:29:56","guid":{"rendered":"https:\/\/labestiapolitica.com.mx\/?p=71459"},"modified":"2026-04-28T19:29:56","modified_gmt":"2026-04-29T01:29:56","slug":"huamantla-celebrara-a-las-ninas-y-ninos-con-gran-festival-familiar-este-viernes-1-de-mayo","status":"publish","type":"post","link":"https:\/\/labestiapolitica.com.mx\/?p=71459","title":{"rendered":"Huamantla celebrar\u00e1 a las ni\u00f1as y ni\u00f1os con gran festival familiar este viernes 1 de mayo."},"content":{"rendered":"<p style=\"text-align: justify;\">Salvador Santos Cedillo presidente Municipal de Huamantla anunci\u00f3 la realizaci\u00f3n de un festival especial dedicado a las ni\u00f1as y ni\u00f1os del municipio, con actividades recreativas, juegos y sorpresas que se llevar\u00e1n a cabo este viernes 1 de mayo en el Lienzo Charro.<\/p>\n<p style=\"text-align: justify;\">Como parte de esta celebraci\u00f3n, a partir de ma\u00f1ana y hasta el viernes se realizar\u00e1 la entrega de boletos en el Quiosco del Parque Ju\u00e1rez desde las 10:00 horas, mismos que podr\u00e1n ser canjeados por pulseras de acceso al \u00e1rea de juegos, lunch y entrega de juguetes.<\/p>\n<p style=\"text-align: justify;\">El festival se desarrollar\u00e1 en un horario de 11:00 de la ma\u00f1ana a 3:00 de la tarde y estar\u00e1 dirigido a ni\u00f1as y ni\u00f1os de hasta 12 a\u00f1os de edad, quienes deber\u00e1n acudir acompa\u00f1ados por un adulto para garantizar una convivencia segura y ordenada.<\/p>\n<p style=\"text-align: justify;\">Las autoridades municipales se\u00f1alaron que este esfuerzo busca brindar espacios de alegr\u00eda, convivencia familiar y sano esparcimiento para las infancias huamantlecas, promoviendo momentos de uni\u00f3n y felicidad entre las familias del municipio.<\/p>\n<p style=\"text-align: justify;\">Asimismo, se inform\u00f3 que el acceso para el show de Luli Pamp\u00edn ya se encuentra agotado, por lo que los boletos que se estar\u00e1n entregando corresponden exclusivamente al \u00e1rea de juegos mec\u00e1nicos, lunch y juguete sorpresa.<\/p>\n<p style=\"text-align: justify;\">El Gobierno Municipal hizo un llamado a la ciudadan\u00eda para asistir puntualmente y colaborar con las recomendaciones de protecci\u00f3n ante las altas temperaturas, como el uso de gorra, bloqueador solar y mantenerse hidratados durante el evento.<\/p>\n<p style=\"text-align: justify;\">Finalmente, reiter\u00f3 que este festival ha sido preparado con entusiasmo y dedicaci\u00f3n, con el objetivo de que ninguna ni\u00f1a ni ni\u00f1o de Huamantla se quede sin festejar su d\u00eda y pueda disfrutar de una jornada llena de diversi\u00f3n y sonrisas.<\/p>\n","protected":false},"excerpt":{"rendered":"<p>Salvador Santos Cedillo presidente Municipal de Huamantla anunci\u00f3 la realizaci\u00f3n de un festival especial dedicado a las ni\u00f1as y ni\u00f1os del municipio, con actividades recreativas, juegos y sorpresas que se llevar\u00e1n a cabo este viernes 1 de mayo en el Lienzo Charro. Como parte de esta celebraci\u00f3n, a partir de ma\u00f1ana y hasta el viernes [&hellip;]<\/p>\n","protected":false},"author":5,"featured_media":71460,"comment_status":"open","ping_status":"open","sticky":false,"template":"","format":"standard","meta":{"footnotes":""},"categories":[220,216],"tags":[],"class_list":["post-71459","post","type-post","status-publish","format-standard","has-post-thumbnail","hentry","category-huamantla","category-municipios"],"amp_enabled":true,"_links":{"self":[{"href":"https:\/\/labestiapolitica.com.mx\/index.php?rest_route=\/wp\/v2\/posts\/71459","targetHints":{"allow":["GET"]}}],"collection":[{"href":"https:\/\/labestiapolitica.com.mx\/index.php?rest_route=\/wp\/v2\/posts"}],"about":[{"href":"https:\/\/labestiapolitica.com.mx\/index.php?rest_route=\/wp\/v2\/types\/post"}],"author":[{"embeddable":true,"href":"https:\/\/labestiapolitica.com.mx\/index.php?rest_route=\/wp\/v2\/users\/5"}],"replies":[{"embeddable":true,"href":"https:\/\/labestiapolitica.com.mx\/index.php?rest_route=%2Fwp%2Fv2%2Fcomments&post=71459"}],"version-history":[{"count":1,"href":"https:\/\/labestiapolitica.com.mx\/index.php?rest_route=\/wp\/v2\/posts\/71459\/revisions"}],"predecessor-version":[{"id":71461,"href":"https:\/\/labestiapolitica.com.mx\/index.php?rest_route=\/wp\/v2\/posts\/71459\/revisions\/71461"}],"wp:featuredmedia":[{"embeddable":true,"href":"https:\/\/labestiapolitica.com.mx\/index.php?rest_route=\/wp\/v2\/media\/71460"}],"wp:attachment":[{"href":"https:\/\/labestiapolitica.com.mx\/index.php?rest_route=%2Fwp%2Fv2%2Fmedia&parent=71459"}],"wp:term":[{"taxonomy":"category","embeddable":true,"href":"https:\/\/labestiapolitica.com.mx\/index.php?rest_route=%2Fwp%2Fv2%2Fcategories&post=71459"},{"taxonomy":"post_tag","embeddable":true,"href":"https:\/\/labestiapolitica.com.mx\/index.php?rest_route=%2Fwp%2Fv2%2Ftags&post=71459"}],"curies":[{"name":"wp","href":"https:\/\/api.w.org\/{rel}","templated":true}]}}