{"id":71462,"date":"2026-04-28T19:31:45","date_gmt":"2026-04-29T01:31:45","guid":{"rendered":"https:\/\/labestiapolitica.com.mx\/?p=71462"},"modified":"2026-04-28T19:31:45","modified_gmt":"2026-04-29T01:31:45","slug":"ixtenco-presente-en-el-tianguis-turistico-de-mexico-en-su-50-aniversario","status":"publish","type":"post","link":"https:\/\/labestiapolitica.com.mx\/?p=71462","title":{"rendered":"Ixtenco presente en el Tianguis Tur\u00edstico de M\u00e9xico en su 50 aniversario."},"content":{"rendered":"<p style=\"text-align: justify;\">Acapulco, Guerrero.\u2013 Con el objetivo de fortalecer la proyecci\u00f3n tur\u00edstica del municipio y posicionar su riqueza cultural a nivel nacional, la presidenta municipal de Ixtenco, Aline Lazo Caballero, particip\u00f3 en el Tianguis Tur\u00edstico de M\u00e9xico, celebrado en su 50 aniversario en el puerto de Acapulco, sede hist\u00f3rica de este importante encuentro tur\u00edstico.<\/p>\n<p style=\"text-align: justify;\">Este evento, considerado el m\u00e1s relevante del sector en el pa\u00eds, regres\u00f3 a su lugar de origen en una edici\u00f3n conmemorativa que reuni\u00f3 a representantes de destinos tur\u00edsticos de todo M\u00e9xico, as\u00ed como a compradores, inversionistas y autoridades del ramo.<\/p>\n<p style=\"text-align: justify;\">Durante su participaci\u00f3n, Aline Lazo Caballero destac\u00f3 la importancia de impulsar a Ixtenco como un destino que preserva sus tradiciones, su identidad otom\u00ed y su riqueza cultural, elementos que lo distinguen como Pueblo M\u00e1gico.<\/p>\n<p style=\"text-align: justify;\">En el marco del evento, se cont\u00f3 con la presencia de la secretaria de Turismo del Gobierno de M\u00e9xico, Josefina Rodr\u00edguez Zamora, as\u00ed como del secretario de Turismo del Gobierno del Estado, Fabricio Mena.<\/p>\n<p style=\"text-align: justify;\">La participaci\u00f3n de Ixtenco en este tipo de espacios permite generar v\u00ednculos estrat\u00e9gicos, atraer visitantes y consolidar su presencia como un destino tur\u00edstico con identidad, historia y tradici\u00f3n.<\/p>\n","protected":false},"excerpt":{"rendered":"<p>Acapulco, Guerrero.\u2013 Con el objetivo de fortalecer la proyecci\u00f3n tur\u00edstica del municipio y posicionar su riqueza cultural a nivel nacional, la presidenta municipal de Ixtenco, Aline Lazo Caballero, particip\u00f3 en el Tianguis Tur\u00edstico de M\u00e9xico, celebrado en su 50 aniversario en el puerto de Acapulco, sede hist\u00f3rica de este importante encuentro tur\u00edstico. Este evento, considerado [&hellip;]<\/p>\n","protected":false},"author":5,"featured_media":71463,"comment_status":"open","ping_status":"open","sticky":false,"template":"","format":"standard","meta":{"footnotes":""},"categories":[257,216],"tags":[],"class_list":["post-71462","post","type-post","status-publish","format-standard","has-post-thumbnail","hentry","category-ixtenco","category-municipios"],"amp_enabled":true,"_links":{"self":[{"href":"https:\/\/labestiapolitica.com.mx\/index.php?rest_route=\/wp\/v2\/posts\/71462","targetHints":{"allow":["GET"]}}],"collection":[{"href":"https:\/\/labestiapolitica.com.mx\/index.php?rest_route=\/wp\/v2\/posts"}],"about":[{"href":"https:\/\/labestiapolitica.com.mx\/index.php?rest_route=\/wp\/v2\/types\/post"}],"author":[{"embeddable":true,"href":"https:\/\/labestiapolitica.com.mx\/index.php?rest_route=\/wp\/v2\/users\/5"}],"replies":[{"embeddable":true,"href":"https:\/\/labestiapolitica.com.mx\/index.php?rest_route=%2Fwp%2Fv2%2Fcomments&post=71462"}],"version-history":[{"count":1,"href":"https:\/\/labestiapolitica.com.mx\/index.php?rest_route=\/wp\/v2\/posts\/71462\/revisions"}],"predecessor-version":[{"id":71464,"href":"https:\/\/labestiapolitica.com.mx\/index.php?rest_route=\/wp\/v2\/posts\/71462\/revisions\/71464"}],"wp:featuredmedia":[{"embeddable":true,"href":"https:\/\/labestiapolitica.com.mx\/index.php?rest_route=\/wp\/v2\/media\/71463"}],"wp:attachment":[{"href":"https:\/\/labestiapolitica.com.mx\/index.php?rest_route=%2Fwp%2Fv2%2Fmedia&parent=71462"}],"wp:term":[{"taxonomy":"category","embeddable":true,"href":"https:\/\/labestiapolitica.com.mx\/index.php?rest_route=%2Fwp%2Fv2%2Fcategories&post=71462"},{"taxonomy":"post_tag","embeddable":true,"href":"https:\/\/labestiapolitica.com.mx\/index.php?rest_route=%2Fwp%2Fv2%2Ftags&post=71462"}],"curies":[{"name":"wp","href":"https:\/\/api.w.org\/{rel}","templated":true}]}}