{"id":71468,"date":"2026-04-28T19:42:44","date_gmt":"2026-04-29T01:42:44","guid":{"rendered":"https:\/\/labestiapolitica.com.mx\/?p=71468"},"modified":"2026-04-28T19:42:44","modified_gmt":"2026-04-29T01:42:44","slug":"celebra-tlaxcala-junta-de-gabinete-infantil-en-palacio-de-gobierno","status":"publish","type":"post","link":"https:\/\/labestiapolitica.com.mx\/?p=71468","title":{"rendered":"Celebra Tlaxcala junta de Gabinete Infantil en Palacio de Gobierno."},"content":{"rendered":"<ul>\n<li style=\"text-align: justify;\">Ni\u00f1as y ni\u00f1os con mejores promedios del estado participan activamente en la toma de decisiones y presentan propuestas en el marco del D\u00eda de la Ni\u00f1a y el Ni\u00f1o.<\/li>\n<\/ul>\n<p style=\"text-align: justify;\">En el marco de la celebraci\u00f3n del D\u00eda de la Ni\u00f1a y el Ni\u00f1o, la gobernadora Lorena Cu\u00e9llar Cisneros encabez\u00f3 la Junta de Gabinete Infantil en el Palacio de Gobierno, un ejercicio organizado por el Sistema Estatal para el Desarrollo Integral de la Familia (SEDIF), donde destac\u00f3 la importancia de escuchar y atender las voces de la ni\u00f1ez tlaxcalteca.<\/p>\n<p style=\"text-align: justify;\">\u201cQu\u00e9 gusto poder saludar a este gran gabinete infantil que me llena de satisfacci\u00f3n, de orgullo, lograr que ustedes tambi\u00e9n sue\u00f1en, que tambi\u00e9n ustedes gestionen, hablen por los dem\u00e1s ni\u00f1os y ni\u00f1as de Tlaxcala, nos compromete tambi\u00e9n a dar seguimiento a estas peticiones\u201d, expres\u00f3 la mandataria.<\/p>\n<p style=\"text-align: justify;\">Cu\u00e9llar Cisneros subray\u00f3 que este ejercicio fortalece la participaci\u00f3n ciudadana desde temprana edad y reconoci\u00f3 la seriedad y visi\u00f3n de las infancias: \u201cLos ni\u00f1os son personas muy serias porque lo m\u00e1s importante de los ni\u00f1os es que no creen en lo imposible, ustedes saben que todo es posible\u201d.<\/p>\n<p style=\"text-align: justify;\">Reiter\u00f3 el compromiso de su administraci\u00f3n para atender las inquietudes expresadas durante la jornada y asegur\u00f3 que todos los secretarios tienen el compromiso tambi\u00e9n de escucharlos y de dar seguimiento a sus peticiones, a sus deseos de que mejore cada d\u00eda m\u00e1s el estado.<\/p>\n<p style=\"text-align: justify;\">Asimismo, la mandataria estatal reflexion\u00f3 sobre la importancia del cuidado del medio ambiente, la sana convivencia y el uso responsable de la tecnolog\u00eda, al tiempo que llam\u00f3 a fomentar espacios de felicidad para la ni\u00f1ez.<\/p>\n<p style=\"text-align: justify;\">En su oportunidad, la presidenta honor\u00edfica del Sedif, Mariana Espinosa de los Monteros Cu\u00e9llar, destac\u00f3 que este ejercicio representa una oportunidad real para construir pol\u00edticas p\u00fablicas desde la visi\u00f3n de la ni\u00f1ez: \u201cEscuchar a la ni\u00f1ez es reconocer que sus ideas tienen el poder de cambiar el mundo\u201d.<\/p>\n<p style=\"text-align: justify;\">Subray\u00f3 que las y los integrantes del gabinete infantil fueron seleccionados por su esfuerzo acad\u00e9mico y que, desde el a\u00f1o pasado, asumieron el compromiso de representar a la ni\u00f1ez tlaxcalteca: \u201cUstedes han sido seleccionados por su esfuerzo y dedicaci\u00f3n, esto nos llena de orgullo y nos habla del gran ejemplo que son\u201d.<\/p>\n<p style=\"text-align: justify;\">Espinosa de los Monteros reconoci\u00f3 adem\u00e1s el trabajo previo realizado por las y los participantes en sus comunidades, \u201chan tenido acercamiento en sus escuelas escuchando las necesidades de su entorno y hoy vienen a compartir esas propuestas que nacen de lo que viven todos los d\u00edas\u201d.<\/p>\n<p style=\"text-align: justify;\">Nela Eunice V\u00e1zquez Ju\u00e1rez, gobernadora infantil del estado, destac\u00f3 la relevancia de estos espacios de participaci\u00f3n, pues refiri\u00f3 que estas actividades donde la voz de las infancias es escuchada y tomada en cuenta para construir y mejorar los espacios es importante.<\/p>\n<p style=\"text-align: justify;\">Relat\u00f3 tambi\u00e9n su experiencia al recorrer distintas escuelas y dialogar con otros estudiantes: \u201cTuve la oportunidad de escuchar a aproximadamente mil 200 ni\u00f1os, algunos con ideas creativas y otros con preocupaciones reales como m\u00e1s escuelas, m\u00e1s seguridad y evitar la quema de basura\u201d.<\/p>\n<p style=\"text-align: justify;\">En representaci\u00f3n del gabinete infantil, Camila Netzahuatlcoyotl Merino, presidenta honor\u00edfica del Sedif, explic\u00f3 que este organismo trabaja para garantizar una infancia plena, que trabaja para mejorar la calidad de vida y \u201cque tengamos una infancia llena de alegr\u00eda, salud y educaci\u00f3n\u201d.<\/p>\n<p style=\"text-align: justify;\">Asimismo, comparti\u00f3 algunas de las inquietudes recogidas durante su labor de atenci\u00f3n ciudadana, como la necesidad de espacios para el desarrollo emocional: \u201cEscuchamos a ni\u00f1os que solicitan talleres de historietas para expresar sus emociones porque muchos no tienen un buen control emocional\u201d.<\/p>\n<p style=\"text-align: justify;\">\nA su vez, la presidenta honor\u00edfica infantil del Comit\u00e9 de Bienestar y Desarrollo Social, Regina Zoe Corona Herrer\u00eda, quien estuvo acompa\u00f1ada de su hom\u00f3loga adulta Fernanda Espinosa De Los Monteros Cuellar, resalt\u00f3 la importancia de las acciones en favor de las familias.<\/p>\n<p style=\"text-align: justify;\">\u201cEs muy importante que las ni\u00f1as y los ni\u00f1os conozcan los apoyos que existen, porque as\u00ed pueden aprovecharlos y tambi\u00e9n compartir esta informaci\u00f3n con sus familias. Cuando estamos informados, podemos tomar mejores decisiones y contribuir a que nuestras comunidades crezcan con bienestar, igualdad y m\u00e1s oportunidades para todos\u201d, afirm\u00f3.<\/p>\n<p style=\"text-align: justify;\">Durante la sesi\u00f3n, tambi\u00e9n participaron las y los titulares infantiles de diversas dependencias, quienes expusieron inquietudes y propuestas recabadas en sus escuelas y comunidades, dando muestra del compromiso y responsabilidad con el que desempe\u00f1an sus cargos. Entre ellos, Esli Maximiliano Hern\u00e1ndez Hern\u00e1ndez, de la Secretar\u00eda Infantil de Bienestar; Carlos Emmanuel Reyes Ju\u00e1rez, de la Secretar\u00eda de Seguridad Ciudadana; Juli\u00e1n Conde Bado, de la Secretar\u00eda de Salud; y Aymar Zo\u00e9 Hern\u00e1ndez S\u00e1nchez, de la Secretar\u00eda de Medio Ambiente.<\/p>\n<p style=\"text-align: justify;\">De igual forma, intervinieron Jos\u00e9 Luis Lara Cante, de la Secretar\u00eda de Educaci\u00f3n; Emi Alexandra Ju\u00e1rez Cuahquentzi, de la Secretar\u00eda de Mujeres; Camila Silva Garc\u00eda, de la Secretar\u00eda de Movilidad y Transporte; Gabriel Ortiz Ramos, de la Secretar\u00eda de Anticorrupci\u00f3n y Buen Gobierno; as\u00ed como Franco Emiliano Aguilar V\u00e1zquez, de la Secretar\u00eda de Cultura; Karla Sof\u00eda S\u00e1nchez Rojas, de la Secretar\u00eda del Trabajo; y Amisadahi V\u00e1zquez Pimentel, como secretario ejecutivo del Sistema de Seguridad P\u00fablica.<\/p>\n<p style=\"text-align: justify;\">Asimismo, Melisa P\u00e9rez M\u00e1rquez, de la Secretar\u00eda de Ordenamiento Territorial; Camila Rodr\u00edguez Palacios, de la Secretar\u00eda de Infraestructura; Carlos El\u00edas Lembrino D\u00edaz, de la Coordinaci\u00f3n General de Planeaci\u00f3n de Inversi\u00f3n; Mateo Vega Valencia, de la Secretar\u00eda de Finanzas; y Susan Abril Atonal P\u00e9rez, de la Coordinaci\u00f3n de Comunicaci\u00f3n.<\/p>\n<p style=\"text-align: justify;\">Por \u00faltimo, Leonardo Salazar Montiel, de la Secretar\u00eda de Desarrollo; Ximena V\u00e1zquez Dom\u00ednguez, como secretaria particular del despacho de la gobernadora; Tania Palma Fern\u00e1ndez, de la Secretar\u00eda de Turismo; Ruy Adhemar Carrillo L\u00f3pez, de la Secretar\u00eda de Impulso Agropecuario; Luis Enrique V\u00e1zquez Rojas, de la Secretar\u00eda de Gobierno; Zurisaddai Merari Rodr\u00edguez Atriano, fiscal general de Justicia del Estado; Sa\u00fal Rodr\u00edguez Rojas, oficial mayor de Gobierno; y Francisco de Jes\u00fas Rosas Hern\u00e1ndez, director del Sistema Estatal DIF.<\/p>\n","protected":false},"excerpt":{"rendered":"<p>Ni\u00f1as y ni\u00f1os con mejores promedios del estado participan activamente en la toma de decisiones y presentan propuestas en el marco del D\u00eda de la Ni\u00f1a y el Ni\u00f1o. En el marco de la celebraci\u00f3n del D\u00eda de la Ni\u00f1a y el Ni\u00f1o, la gobernadora Lorena Cu\u00e9llar Cisneros encabez\u00f3 la Junta de Gabinete Infantil en [&hellip;]<\/p>\n","protected":false},"author":5,"featured_media":71469,"comment_status":"open","ping_status":"open","sticky":false,"template":"","format":"standard","meta":{"footnotes":""},"categories":[236],"tags":[],"class_list":["post-71468","post","type-post","status-publish","format-standard","has-post-thumbnail","hentry","category-gobierno-de-tlaxcala"],"amp_enabled":true,"_links":{"self":[{"href":"https:\/\/labestiapolitica.com.mx\/index.php?rest_route=\/wp\/v2\/posts\/71468","targetHints":{"allow":["GET"]}}],"collection":[{"href":"https:\/\/labestiapolitica.com.mx\/index.php?rest_route=\/wp\/v2\/posts"}],"about":[{"href":"https:\/\/labestiapolitica.com.mx\/index.php?rest_route=\/wp\/v2\/types\/post"}],"author":[{"embeddable":true,"href":"https:\/\/labestiapolitica.com.mx\/index.php?rest_route=\/wp\/v2\/users\/5"}],"replies":[{"embeddable":true,"href":"https:\/\/labestiapolitica.com.mx\/index.php?rest_route=%2Fwp%2Fv2%2Fcomments&post=71468"}],"version-history":[{"count":1,"href":"https:\/\/labestiapolitica.com.mx\/index.php?rest_route=\/wp\/v2\/posts\/71468\/revisions"}],"predecessor-version":[{"id":71470,"href":"https:\/\/labestiapolitica.com.mx\/index.php?rest_route=\/wp\/v2\/posts\/71468\/revisions\/71470"}],"wp:featuredmedia":[{"embeddable":true,"href":"https:\/\/labestiapolitica.com.mx\/index.php?rest_route=\/wp\/v2\/media\/71469"}],"wp:attachment":[{"href":"https:\/\/labestiapolitica.com.mx\/index.php?rest_route=%2Fwp%2Fv2%2Fmedia&parent=71468"}],"wp:term":[{"taxonomy":"category","embeddable":true,"href":"https:\/\/labestiapolitica.com.mx\/index.php?rest_route=%2Fwp%2Fv2%2Fcategories&post=71468"},{"taxonomy":"post_tag","embeddable":true,"href":"https:\/\/labestiapolitica.com.mx\/index.php?rest_route=%2Fwp%2Fv2%2Ftags&post=71468"}],"curies":[{"name":"wp","href":"https:\/\/api.w.org\/{rel}","templated":true}]}}