{"id":71471,"date":"2026-04-28T19:43:59","date_gmt":"2026-04-29T01:43:59","guid":{"rendered":"https:\/\/labestiapolitica.com.mx\/?p=71471"},"modified":"2026-04-28T19:43:59","modified_gmt":"2026-04-29T01:43:59","slug":"capacitacion-y-registro-de-artesanos-de-pirotecnia-reducen-accidentes-en-tlaxcala-cepc","status":"publish","type":"post","link":"https:\/\/labestiapolitica.com.mx\/?p=71471","title":{"rendered":"Capacitaci\u00f3n y registro de artesanos de pirotecnia reducen accidentes en Tlaxcala: CEPC."},"content":{"rendered":"<ul>\n<li style=\"text-align: justify;\">La CEPC, fortalece la coordinaci\u00f3n con Secretar\u00eda de la Defensa Nacional para brindar capacitaci\u00f3n permanente al sector; llama a ayuntamientos a contratar personal certificado en festividades patronales.<\/li>\n<\/ul>\n<p style=\"text-align: justify;\">La estrategia de registro y capacitaci\u00f3n a artesanos de pirotecnia impulsada por la Coordinaci\u00f3n Estatal de Protecci\u00f3n Civil (CEPC) ha permitido reducir accidentes en Tlaxcala, al trasladar la actividad hacia esquemas regulados y alejarla de pr\u00e1cticas clandestinas, inform\u00f3 el titular de la dependencia, Juvencio Nieto Galicia.<\/p>\n<p style=\"text-align: justify;\">Este proceso ha permitido conformar un padr\u00f3n estatal de personas dedicadas a la pirotecnia, fortaleciendo la supervisi\u00f3n y la aplicaci\u00f3n de medidas preventivas.<\/p>\n<p style=\"text-align: justify;\">A partir de este nuevo enfoque, la CEPC estableci\u00f3 un trabajo directo con los principales grupos dedicados a esta actividad, en los municipios de Xaloztoc y Sanct\u00f3rum, por lo que se implement\u00f3 un esquema permanente de capacitaci\u00f3n en coordinaci\u00f3n con la Secretar\u00eda de la Defensa Nacional, con al menos tres sesiones al a\u00f1o.<\/p>\n<p style=\"text-align: justify;\">Nieto Galicia subray\u00f3 que los incidentes que se han registrado est\u00e1n asociados, en su mayor\u00eda, a actividades clandestinas, donde no existen protocolos de seguridad ni registro ante autoridades.<\/p>\n<p style=\"text-align: justify;\">Por ello, la CEPC hizo un llamado a ayuntamientos, mayordom\u00edas y comit\u00e9s organizadores de ferias y festividades religiosas para que contraten \u00fanicamente a pirot\u00e9cnicos certificados, quienes cuentan con capacitaci\u00f3n, permisos vigentes y protocolos de seguridad.<\/p>\n<p style=\"text-align: justify;\">Entre las medidas obligatorias para realizar la quema de pirotecnia destacan el uso de extintores, acordonamientos preventivos y la acreditaci\u00f3n de constancias de capacitaci\u00f3n de quienes van a manejar estos productos.<\/p>\n<p style=\"text-align: justify;\">El funcionario insisti\u00f3 en que la profesionalizaci\u00f3n del sector es la v\u00eda para realizar estas acciones de forma segura, al tiempo que se protege la integridad de la poblaci\u00f3n y se reduce el riesgo de accidentes.<\/p>\n","protected":false},"excerpt":{"rendered":"<p>La CEPC, fortalece la coordinaci\u00f3n con Secretar\u00eda de la Defensa Nacional para brindar capacitaci\u00f3n permanente al sector; llama a ayuntamientos a contratar personal certificado en festividades patronales. La estrategia de registro y capacitaci\u00f3n a artesanos de pirotecnia impulsada por la Coordinaci\u00f3n Estatal de Protecci\u00f3n Civil (CEPC) ha permitido reducir accidentes en Tlaxcala, al trasladar la [&hellip;]<\/p>\n","protected":false},"author":5,"featured_media":71472,"comment_status":"open","ping_status":"open","sticky":false,"template":"","format":"standard","meta":{"footnotes":""},"categories":[236],"tags":[],"class_list":["post-71471","post","type-post","status-publish","format-standard","has-post-thumbnail","hentry","category-gobierno-de-tlaxcala"],"amp_enabled":true,"_links":{"self":[{"href":"https:\/\/labestiapolitica.com.mx\/index.php?rest_route=\/wp\/v2\/posts\/71471","targetHints":{"allow":["GET"]}}],"collection":[{"href":"https:\/\/labestiapolitica.com.mx\/index.php?rest_route=\/wp\/v2\/posts"}],"about":[{"href":"https:\/\/labestiapolitica.com.mx\/index.php?rest_route=\/wp\/v2\/types\/post"}],"author":[{"embeddable":true,"href":"https:\/\/labestiapolitica.com.mx\/index.php?rest_route=\/wp\/v2\/users\/5"}],"replies":[{"embeddable":true,"href":"https:\/\/labestiapolitica.com.mx\/index.php?rest_route=%2Fwp%2Fv2%2Fcomments&post=71471"}],"version-history":[{"count":1,"href":"https:\/\/labestiapolitica.com.mx\/index.php?rest_route=\/wp\/v2\/posts\/71471\/revisions"}],"predecessor-version":[{"id":71473,"href":"https:\/\/labestiapolitica.com.mx\/index.php?rest_route=\/wp\/v2\/posts\/71471\/revisions\/71473"}],"wp:featuredmedia":[{"embeddable":true,"href":"https:\/\/labestiapolitica.com.mx\/index.php?rest_route=\/wp\/v2\/media\/71472"}],"wp:attachment":[{"href":"https:\/\/labestiapolitica.com.mx\/index.php?rest_route=%2Fwp%2Fv2%2Fmedia&parent=71471"}],"wp:term":[{"taxonomy":"category","embeddable":true,"href":"https:\/\/labestiapolitica.com.mx\/index.php?rest_route=%2Fwp%2Fv2%2Fcategories&post=71471"},{"taxonomy":"post_tag","embeddable":true,"href":"https:\/\/labestiapolitica.com.mx\/index.php?rest_route=%2Fwp%2Fv2%2Ftags&post=71471"}],"curies":[{"name":"wp","href":"https:\/\/api.w.org\/{rel}","templated":true}]}}