{"id":71474,"date":"2026-04-28T19:45:31","date_gmt":"2026-04-29T01:45:31","guid":{"rendered":"https:\/\/labestiapolitica.com.mx\/?p=71474"},"modified":"2026-04-28T19:45:31","modified_gmt":"2026-04-29T01:45:31","slug":"primer-tapaton-en-tlaxcala-supera-meta-y-reune-mas-de-9-6-toneladas-de-tapitas-para-apoyar-a-ninas-y-ninos-con-cancer","status":"publish","type":"post","link":"https:\/\/labestiapolitica.com.mx\/?p=71474","title":{"rendered":"Primer Tapat\u00f3n en Tlaxcala supera meta y re\u00fane m\u00e1s de 9.6 toneladas de tapitas para apoyar a ni\u00f1as y ni\u00f1os con c\u00e1ncer."},"content":{"rendered":"<ul>\n<li style=\"text-align: justify;\">La participaci\u00f3n de escuelas, empresas y ciudadan\u00eda consolid\u00f3 un modelo de colaboraci\u00f3n que transforma acciones cotidianas en apoyo directo a la salud de infantes.<\/li>\n<\/ul>\n<p style=\"text-align: justify;\">El Primer Tapat\u00f3n realizado en Tlaxcala super\u00f3 la meta inicial al recolectar m\u00e1s de 9.6 toneladas de tapitas de pl\u00e1stico, que ser\u00e1n destinadas a apoyar tratamientos de ni\u00f1as y ni\u00f1os con diagn\u00f3stico de c\u00e1ncer, a trav\u00e9s de la Fundaci\u00f3n Banco de Tapitas A.C.<\/p>\n<p style=\"text-align: justify;\">La jornada, organizada por el Sistema Estatal para el Desarrollo Integral de la Familia (SEDIF) en coordinaci\u00f3n con la fundaci\u00f3n, se llev\u00f3 a cabo en la Plaza de la Constituci\u00f3n de la capital del estado, donde participaron escuelas, empresas, dependencias gubernamentales y ciudadan\u00eda en general.<\/p>\n<p style=\"text-align: justify;\">Durante el evento, la presidenta honor\u00edfica del SEDIF, Mariana Espinosa de los Monteros Cu\u00e9llar, destac\u00f3 que cada tapita recolectada representa una oportunidad de apoyo para familias que enfrentan el c\u00e1ncer infantil, al traducirse en medicamentos, traslados y acompa\u00f1amiento integral.<\/p>\n<p style=\"text-align: justify;\">\u201cHay gestos peque\u00f1os que, cuando se hacen con el coraz\u00f3n, se convierten en grandes actos de amor. Hoy nos reunimos con un prop\u00f3sito claro: recolectar tapitas que se transformar\u00e1n en esperanza para ni\u00f1as y ni\u00f1os. Cada tapita representa una oportunidad, un paso m\u00e1s en su tratamiento, un alivio para sus familias\u201d, asegur\u00f3.<\/p>\n<p style=\"text-align: justify;\">En representaci\u00f3n de la gobernadora Lorena Cu\u00e9llar Cisneros, la gobernadora infantil, Nela Eunice V\u00e1zquez, subray\u00f3 que esta iniciativa no solo tiene un impacto social, sino que tambi\u00e9n fortalece valores como la empat\u00eda, la conciencia ambiental y el compromiso colectivo, especialmente entre ni\u00f1as, ni\u00f1os y j\u00f3venes.<\/p>\n<p style=\"text-align: justify;\">Por su parte, Ismael Mart\u00ednez, representante de la Fundaci\u00f3n Banco de Tapitas A.C., reconoci\u00f3 la alta participaci\u00f3n ciudadana y se\u00f1al\u00f3 que este esfuerzo marca el inicio de futuras ediciones en la entidad. Record\u00f3 que desde 2015 la organizaci\u00f3n brinda apoyo a menores con c\u00e1ncer en situaci\u00f3n vulnerable en todo el pa\u00eds, adem\u00e1s de contar con albergues en Puebla, Ciudad de M\u00e9xico y Quer\u00e9taro para acompa\u00f1ar a las familias durante los tratamientos.<\/p>\n<p style=\"text-align: justify;\">El evento tambi\u00e9n cont\u00f3 con la participaci\u00f3n del Gabinete Infantil, cuyos integrantes promovieron la recolecci\u00f3n de tapitas en escuelas y municipios, contribuyendo a generar conciencia ecol\u00f3gica y solidaridad social.<\/p>\n<p style=\"text-align: justify;\">Adem\u00e1s de su impacto en la salud, el Tapat\u00f3n impuls\u00f3 la cultura del reciclaje al demostrar que el cuidado del medio ambiente puede convertirse en una herramienta de apoyo social.<\/p>\n<p style=\"text-align: justify;\">Con esta iniciativa, el SEDIF Tlaxcala reafirma su estrategia de fortalecer la participaci\u00f3n ciudadana y el tejido social, mediante acciones que combinan solidaridad, sostenibilidad y atenci\u00f3n a sectores vulnerables.<\/p>\n","protected":false},"excerpt":{"rendered":"<p>La participaci\u00f3n de escuelas, empresas y ciudadan\u00eda consolid\u00f3 un modelo de colaboraci\u00f3n que transforma acciones cotidianas en apoyo directo a la salud de infantes. El Primer Tapat\u00f3n realizado en Tlaxcala super\u00f3 la meta inicial al recolectar m\u00e1s de 9.6 toneladas de tapitas de pl\u00e1stico, que ser\u00e1n destinadas a apoyar tratamientos de ni\u00f1as y ni\u00f1os con [&hellip;]<\/p>\n","protected":false},"author":5,"featured_media":71475,"comment_status":"open","ping_status":"open","sticky":false,"template":"","format":"standard","meta":{"footnotes":""},"categories":[236],"tags":[],"class_list":["post-71474","post","type-post","status-publish","format-standard","has-post-thumbnail","hentry","category-gobierno-de-tlaxcala"],"amp_enabled":true,"_links":{"self":[{"href":"https:\/\/labestiapolitica.com.mx\/index.php?rest_route=\/wp\/v2\/posts\/71474","targetHints":{"allow":["GET"]}}],"collection":[{"href":"https:\/\/labestiapolitica.com.mx\/index.php?rest_route=\/wp\/v2\/posts"}],"about":[{"href":"https:\/\/labestiapolitica.com.mx\/index.php?rest_route=\/wp\/v2\/types\/post"}],"author":[{"embeddable":true,"href":"https:\/\/labestiapolitica.com.mx\/index.php?rest_route=\/wp\/v2\/users\/5"}],"replies":[{"embeddable":true,"href":"https:\/\/labestiapolitica.com.mx\/index.php?rest_route=%2Fwp%2Fv2%2Fcomments&post=71474"}],"version-history":[{"count":1,"href":"https:\/\/labestiapolitica.com.mx\/index.php?rest_route=\/wp\/v2\/posts\/71474\/revisions"}],"predecessor-version":[{"id":71476,"href":"https:\/\/labestiapolitica.com.mx\/index.php?rest_route=\/wp\/v2\/posts\/71474\/revisions\/71476"}],"wp:featuredmedia":[{"embeddable":true,"href":"https:\/\/labestiapolitica.com.mx\/index.php?rest_route=\/wp\/v2\/media\/71475"}],"wp:attachment":[{"href":"https:\/\/labestiapolitica.com.mx\/index.php?rest_route=%2Fwp%2Fv2%2Fmedia&parent=71474"}],"wp:term":[{"taxonomy":"category","embeddable":true,"href":"https:\/\/labestiapolitica.com.mx\/index.php?rest_route=%2Fwp%2Fv2%2Fcategories&post=71474"},{"taxonomy":"post_tag","embeddable":true,"href":"https:\/\/labestiapolitica.com.mx\/index.php?rest_route=%2Fwp%2Fv2%2Ftags&post=71474"}],"curies":[{"name":"wp","href":"https:\/\/api.w.org\/{rel}","templated":true}]}}