{"id":71490,"date":"2026-04-29T09:57:45","date_gmt":"2026-04-29T15:57:45","guid":{"rendered":"https:\/\/labestiapolitica.com.mx\/?p=71490"},"modified":"2026-04-29T09:57:45","modified_gmt":"2026-04-29T15:57:45","slug":"las-juventudes-son-una-prioridad-para-mi-gobierno-y-por-eso-trabajamos-en-su-desarrollo-alfonso-sanchez-garcia","status":"publish","type":"post","link":"https:\/\/labestiapolitica.com.mx\/?p=71490","title":{"rendered":"Las juventudes son una prioridad para mi gobierno y por eso trabajamos en su desarrollo: Alfonso S\u00e1nchez Garc\u00eda."},"content":{"rendered":"<p style=\"text-align: justify;\">Al acompa\u00f1ar la entrega de vales de cirug\u00eda del programa \u201cVisualizando tu Futuro\u201d, que puso en marcha el Gobierno del Estado, el presidente de la Asociaci\u00f3n de Autoridades Municipales de Tlaxcala (AAMTLAX) y alcalde de la capital, Alfonso S\u00e1nchez Garc\u00eda, afirm\u00f3 que las juventudes ocupan un lugar central en su administraci\u00f3n.<\/p>\n<p style=\"text-align: justify;\">Durante el evento, que presidi\u00f3 la gobernadora Lorena Cuellar Cisneros, el edil destac\u00f3 que invertir en las nuevas generaciones significa construir mejores condiciones para el presente y futuro del municipio.<\/p>\n<p style=\"text-align: justify;\">Ante beneficiarias y beneficiarios del programa, el alcalde comparti\u00f3 una experiencia personal para dimensionar el impacto de este tipo de apoyos, al recordar que hace casi 30 a\u00f1os se someti\u00f3 a una cirug\u00eda similar para corregir su visi\u00f3n.<\/p>\n<p style=\"text-align: justify;\">Se\u00f1al\u00f3 que en aquel momento se trataba de un procedimiento que represent\u00f3 un cambio importante en su vida diaria, al permitirle mejorar actividades tan esenciales como estudiar, conducir y desenvolverse con mayor seguridad.<\/p>\n<p style=\"text-align: justify;\">Alfonso S\u00e1nchez subray\u00f3 que la salud visual influye directamente en el desempe\u00f1o acad\u00e9mico, laboral y personal de las y los j\u00f3venes, por lo que reconoci\u00f3 la visi\u00f3n del Gobierno del Estado para impulsar programas que atienden necesidades concretas de este sector.<\/p>\n<p style=\"text-align: justify;\">Asimismo, destac\u00f3 el trabajo del Instituto Tlaxcalteca de la Juventud (ITJ) para acercar este beneficio a quienes hoy tienen la oportunidad de acceder a un tratamiento que los impactar\u00e1 positivamente.<\/p>\n<p style=\"text-align: justify;\">\u201cDesde el municipio de Tlaxcala tenemos claro que las juventudes son prioridad. Por eso trabajamos para fortalecer su desarrollo, ampliar sus oportunidades y acompa\u00f1ar su crecimiento\u201d, finaliz\u00f3 el alcalde.<\/p>\n","protected":false},"excerpt":{"rendered":"<p>Al acompa\u00f1ar la entrega de vales de cirug\u00eda del programa \u201cVisualizando tu Futuro\u201d, que puso en marcha el Gobierno del Estado, el presidente de la Asociaci\u00f3n de Autoridades Municipales de Tlaxcala (AAMTLAX) y alcalde de la capital, Alfonso S\u00e1nchez Garc\u00eda, afirm\u00f3 que las juventudes ocupan un lugar central en su administraci\u00f3n. Durante el evento, que [&hellip;]<\/p>\n","protected":false},"author":5,"featured_media":71491,"comment_status":"open","ping_status":"open","sticky":false,"template":"","format":"standard","meta":{"footnotes":""},"categories":[216,214],"tags":[],"class_list":["post-71490","post","type-post","status-publish","format-standard","has-post-thumbnail","hentry","category-municipios","category-tlaxcala-capital"],"amp_enabled":true,"_links":{"self":[{"href":"https:\/\/labestiapolitica.com.mx\/index.php?rest_route=\/wp\/v2\/posts\/71490","targetHints":{"allow":["GET"]}}],"collection":[{"href":"https:\/\/labestiapolitica.com.mx\/index.php?rest_route=\/wp\/v2\/posts"}],"about":[{"href":"https:\/\/labestiapolitica.com.mx\/index.php?rest_route=\/wp\/v2\/types\/post"}],"author":[{"embeddable":true,"href":"https:\/\/labestiapolitica.com.mx\/index.php?rest_route=\/wp\/v2\/users\/5"}],"replies":[{"embeddable":true,"href":"https:\/\/labestiapolitica.com.mx\/index.php?rest_route=%2Fwp%2Fv2%2Fcomments&post=71490"}],"version-history":[{"count":1,"href":"https:\/\/labestiapolitica.com.mx\/index.php?rest_route=\/wp\/v2\/posts\/71490\/revisions"}],"predecessor-version":[{"id":71492,"href":"https:\/\/labestiapolitica.com.mx\/index.php?rest_route=\/wp\/v2\/posts\/71490\/revisions\/71492"}],"wp:featuredmedia":[{"embeddable":true,"href":"https:\/\/labestiapolitica.com.mx\/index.php?rest_route=\/wp\/v2\/media\/71491"}],"wp:attachment":[{"href":"https:\/\/labestiapolitica.com.mx\/index.php?rest_route=%2Fwp%2Fv2%2Fmedia&parent=71490"}],"wp:term":[{"taxonomy":"category","embeddable":true,"href":"https:\/\/labestiapolitica.com.mx\/index.php?rest_route=%2Fwp%2Fv2%2Fcategories&post=71490"},{"taxonomy":"post_tag","embeddable":true,"href":"https:\/\/labestiapolitica.com.mx\/index.php?rest_route=%2Fwp%2Fv2%2Ftags&post=71490"}],"curies":[{"name":"wp","href":"https:\/\/api.w.org\/{rel}","templated":true}]}}