{"id":71500,"date":"2026-04-29T12:20:55","date_gmt":"2026-04-29T18:20:55","guid":{"rendered":"https:\/\/labestiapolitica.com.mx\/?p=71500"},"modified":"2026-04-29T12:21:38","modified_gmt":"2026-04-29T18:21:38","slug":"la-bestia-politica-impugna-medida-cautelar-del-ite-periodistas-respaldan-al-medio","status":"publish","type":"post","link":"https:\/\/labestiapolitica.com.mx\/?p=71500","title":{"rendered":"\u201cLa Bestia Pol\u00edtica\u201d impugna medida cautelar del ITE; periodistas respaldan al medio"},"content":{"rendered":"<ul>\n<li class=\"p1\" style=\"text-align: justify;\">UPET y Comecot sostienen que la medida cautelar constituye \u201cuna forma de censura o restricci\u00f3n al ejercicio period\u00edstico\u201d<\/li>\n<\/ul>\n<p class=\"p1\" style=\"text-align: justify;\"><span class=\"s1\">Mariana LOVERA\/\/ En un hecho que ha generado preocupaci\u00f3n en el gremio period\u00edstico local, el titular del medio digital \u201cLa Bestia Pol\u00edtica\u201d, Edgar Garc\u00eda Gallegos, present\u00f3 una manifestaci\u00f3n de inconformidad ante el Instituto Tlaxcalteca de Elecciones (ITE) en contra de la medida cautelar ordenada mediante el Acuerdo ITE-CG 18\/2026, que le obliga a ocultar publicaciones en redes sociales.<\/span><\/p>\n<p class=\"p1\" style=\"text-align: justify;\"><span class=\"s1\">El documento fue respaldado institucionalmente por la Uni\u00f3n de Periodistas del Estado de Tlaxcala (UPET) y el Consejo de Medios de Comunicaci\u00f3n y Periodistas de Tlaxcala (COMECOT), cuyos dirigentes, Mart\u00edn Rodr\u00edguez Hern\u00e1ndez y Edgardo Cabrera Morales, respectivamente, quienes tambi\u00e9n entregaron<span class=\"Apple-converted-space\">\u00a0 <\/span>al presidente del ITE, Emmanuel \u00c1vila Gonz\u00e1lez, un pliego petitorio en el que expresan su \u201cprofunda preocupaci\u00f3n y rechazo\u201d frente a la determinaci\u00f3n del organismo electoral.<\/span><\/p>\n<p class=\"p1\" style=\"text-align: justify;\"><span class=\"s1\">En su escrito, las organizaciones sostienen que la medida cautelar constituye \u201cuna forma de censura o restricci\u00f3n al ejercicio period\u00edstico\u201d, ya que, en lugar de sancionar a los presuntos responsables de actos anticipados de campa\u00f1a \u2013servidores p\u00fablicos del Colegio de Bachilleres del Estado de Tlaxcala (COBAT)\u2013, el ITE orden\u00f3 al medio eliminar los contenidos informativos que documentaron los hechos.<\/span><\/p>\n<p class=\"p1\" style=\"text-align: justify;\"><span class=\"s1\">\u201cEl periodismo no genera la irregularidad que documenta. Informar sobre una posible conducta indebida no equivale a participar en ella\u201d, se\u00f1ala el documento.<\/span><\/p>\n<p class=\"p1\" style=\"text-align: justify;\"><span class=\"s1\">Adem\u00e1s, los quejosos destacaron que la publicaci\u00f3n de \u201cLa Bestia Pol\u00edtica\u201d no era propaganda, sino un reporte noticioso con cuestionamientos expl\u00edcitos hacia funcionarios p\u00fablicos, lo cual est\u00e1 protegido por el \u201cmanto jur\u00eddico protector\u201d del periodismo reconocido por el Tribunal Electoral del Poder Judicial de la Federaci\u00f3n (TEPJF) en su Jurisprudencia 15\/2018.<\/span><\/p>\n<p class=\"p1\" style=\"text-align: justify;\"><span class=\"s1\">Por su parte, Edgar Garc\u00eda Gallegos, en su escrito de cumplimiento de la medida (presentado el mismo 29 de abril), dej\u00f3 claro que acata la orden para evitar sanciones, pero no la acepta. \u201cEl cumplimiento que se rinde [\u2026] se realiza exclusivamente para atender el mandato de esta autoridad [\u2026] sin que ello implique aceptaci\u00f3n, consentimiento, conformidad, allanamiento o renuncia respecto a la acci\u00f3n legal que tengo para reclamar la legalidad, constitucionalidad o convencionalidad del Acuerdo\u201d, manifest\u00f3.<\/span><\/p>\n<p class=\"p1\" style=\"text-align: justify;\"><span class=\"s1\">Garc\u00eda Gallegos argument\u00f3 que el ITE omiti\u00f3 aplicar un \u201cest\u00e1ndar de verificaci\u00f3n reforzada\u201d antes de ordenar el ocultamiento de las publicaciones, y que la autoridad fue m\u00e1s restrictiva con el medio que inform\u00f3 que con los propios servidores p\u00fablicos denunciados.<\/span><\/p>\n<p class=\"p1\" style=\"text-align: justify;\"><span class=\"s1\">Al recibir el documento de manos de los dirigentes period\u00edsticos, el presidente del ITE, Emmanuel \u00c1vila Gonz\u00e1lez, asegur\u00f3 que la medida cautelar no fue dictada con la intenci\u00f3n de censurar al medio, sino para frenar \u201cla exposici\u00f3n intencional de una persona\u201d (en alusi\u00f3n al aspirante o servidor p\u00fablico involucrado).<\/span><\/p>\n<p class=\"p1\" style=\"text-align: justify;\"><span class=\"s1\">\u201cNo lo vemos de esa manera como censurante ni atacar al medio que est\u00e1 haciendo uso de su ejercicio period\u00edstico\u201d, declar\u00f3 \u00c1vila. Sin embargo, reconoci\u00f3 que \u201cse tiene que atajar esa posible intencionalidad de un servidor p\u00fablico\u201d.<\/span><\/p>\n<p class=\"p1\" style=\"text-align: justify;\"><span class=\"s1\">El funcionario tambi\u00e9n hizo un reconocimiento expl\u00edcito a la labor de la prensa:<\/span><\/p>\n<p class=\"p1\" style=\"text-align: justify;\"><span class=\"s1\">\u201cSi no existiera esa nota period\u00edstica que subi\u00f3 \u2018La Bestia Pol\u00edtica\u2019, pues el denunciante tal vez no tendr\u00eda este elemento para ofrecernos y nosotros actuar en consecuencia. La labor que ustedes hacen, informativa, es ben\u00e9fica [\u2026] para la propia ciudadan\u00eda, porque garantizan a trav\u00e9s de ustedes el derecho a saber\u201d.<\/span><\/p>\n<p class=\"p1\" style=\"text-align: justify;\"><span class=\"s1\">Finalmente, \u00c1vila se comprometi\u00f3 a analizar a detalle los cuatro puntos de la petici\u00f3n de los periodistas, los cuales incluyen que en futuros casos se apliquen est\u00e1ndares constitucionales de m\u00e1xima protecci\u00f3n a la libertad de expresi\u00f3n y que se distinga claramente entre la responsabilidad de los denunciados y la labor informativa de los medios.<\/span><\/p>\n<p class=\"p1\" style=\"text-align: justify;\"><span class=\"s1\">La publicaci\u00f3n de \u201cLa Bestia Pol\u00edtica\u201d documentaba presuntas expresiones de apoyo pol\u00edtico-electoral dentro de instalaciones del COBAT, lo que deriv\u00f3 en un procedimiento ordinario sancionador (CQD\/Q\/JPCR\/039\/2026). Aunque el ITE declar\u00f3 improcedente ordenar a los servidores p\u00fablicos abstenerse de repetir la conducta (por falta de elementos), s\u00ed orden\u00f3 al medio ocultar el contenido ya difundido.<\/span><\/p>\n<p class=\"p1\" style=\"text-align: justify;\"><span class=\"s1\">Los dirigentes de UPET y COMECOT advirtieron que este hecho podr\u00eda<span class=\"Apple-converted-space\">\u00a0 <\/span>generar un \u201cefecto inhibitorio\u201d sobre la prensa local, pues otros medios podr\u00edan abstenerse de denunciar irregularidades por temor a medidas cautelares.<\/span><\/p>\n","protected":false},"excerpt":{"rendered":"<p>UPET y Comecot sostienen que la medida cautelar constituye \u201cuna forma de censura o restricci\u00f3n al ejercicio period\u00edstico\u201d Mariana LOVERA\/\/ En un hecho que ha generado preocupaci\u00f3n en el gremio period\u00edstico local, el titular del medio digital \u201cLa Bestia Pol\u00edtica\u201d, Edgar Garc\u00eda Gallegos, present\u00f3 una manifestaci\u00f3n de inconformidad ante el Instituto Tlaxcalteca de Elecciones (ITE) [&hellip;]<\/p>\n","protected":false},"author":6,"featured_media":71501,"comment_status":"open","ping_status":"open","sticky":false,"template":"","format":"standard","meta":{"footnotes":""},"categories":[3,7],"tags":[],"class_list":["post-71500","post","type-post","status-publish","format-standard","has-post-thumbnail","hentry","category-8-columnas","category-ciudadanos"],"amp_enabled":true,"_links":{"self":[{"href":"https:\/\/labestiapolitica.com.mx\/index.php?rest_route=\/wp\/v2\/posts\/71500","targetHints":{"allow":["GET"]}}],"collection":[{"href":"https:\/\/labestiapolitica.com.mx\/index.php?rest_route=\/wp\/v2\/posts"}],"about":[{"href":"https:\/\/labestiapolitica.com.mx\/index.php?rest_route=\/wp\/v2\/types\/post"}],"author":[{"embeddable":true,"href":"https:\/\/labestiapolitica.com.mx\/index.php?rest_route=\/wp\/v2\/users\/6"}],"replies":[{"embeddable":true,"href":"https:\/\/labestiapolitica.com.mx\/index.php?rest_route=%2Fwp%2Fv2%2Fcomments&post=71500"}],"version-history":[{"count":1,"href":"https:\/\/labestiapolitica.com.mx\/index.php?rest_route=\/wp\/v2\/posts\/71500\/revisions"}],"predecessor-version":[{"id":71502,"href":"https:\/\/labestiapolitica.com.mx\/index.php?rest_route=\/wp\/v2\/posts\/71500\/revisions\/71502"}],"wp:featuredmedia":[{"embeddable":true,"href":"https:\/\/labestiapolitica.com.mx\/index.php?rest_route=\/wp\/v2\/media\/71501"}],"wp:attachment":[{"href":"https:\/\/labestiapolitica.com.mx\/index.php?rest_route=%2Fwp%2Fv2%2Fmedia&parent=71500"}],"wp:term":[{"taxonomy":"category","embeddable":true,"href":"https:\/\/labestiapolitica.com.mx\/index.php?rest_route=%2Fwp%2Fv2%2Fcategories&post=71500"},{"taxonomy":"post_tag","embeddable":true,"href":"https:\/\/labestiapolitica.com.mx\/index.php?rest_route=%2Fwp%2Fv2%2Ftags&post=71500"}],"curies":[{"name":"wp","href":"https:\/\/api.w.org\/{rel}","templated":true}]}}