{"id":71507,"date":"2026-04-29T13:28:34","date_gmt":"2026-04-29T19:28:34","guid":{"rendered":"https:\/\/labestiapolitica.com.mx\/?p=71507"},"modified":"2026-04-29T13:28:34","modified_gmt":"2026-04-29T19:28:34","slug":"entregan-constancias-de-capacitacion-y-profesionalizacion-policial-en-spm","status":"publish","type":"post","link":"https:\/\/labestiapolitica.com.mx\/?p=71507","title":{"rendered":"Entregan constancias de capacitaci\u00f3n y profesionalizaci\u00f3n policial en SPM"},"content":{"rendered":"<ul>\n<li style=\"text-align: justify;\">La presidenta Ana Luc\u00eda Arce Luna destac\u00f3 el apoyo de la Universidad de Seguridad P\u00fablica del Sureste de Chiapas<\/li>\n<\/ul>\n<p style=\"text-align: justify;\">El pasado jueves 23 de abril se llev\u00f3 a cabo la ceremonia de entrega de constancias de las actividades de capacitaci\u00f3n y profesionalizaci\u00f3n policial 2025, as\u00ed como la entrega de Certificados \u00danicos Policiales CUP\u00b4s, a elementos de seguridad de San Pablo del Monte, documentos que hacen constar la certificaci\u00f3n del personal policial para el desempe\u00f1o de sus funciones.<\/p>\n<p style=\"text-align: justify;\">A la ceremonia acudi\u00f3 la presidenta Ana Luc\u00eda Arce Luna, quien constat\u00f3 el trabajo realizado por parte de la Universidad de Seguridad P\u00fablica del Sureste de Chiapas, Instancia Acad\u00e9mica que colabor\u00f3 con la impartici\u00f3n y desarrollo de las actividades de formaci\u00f3n, capacitaci\u00f3n y especializaci\u00f3n de los polic\u00edas municipales.<\/p>\n<p style=\"text-align: justify;\">En el evento se subray\u00f3 la importancia de la capacitaci\u00f3n y especializaci\u00f3n de los cuerpos de seguridad p\u00fablica, tanto para el servicio de la sociedad \u201csampablense\u201d, como para el inicio y consolidaci\u00f3n de la profesionalizaci\u00f3n de la polic\u00eda municipal en beneficio de los propios elementos.<\/p>\n<p style=\"text-align: justify;\">En total se realizaron seis actividades de capacitaci\u00f3n las cuales fueron validadas y aprobadas por el Sistema Nacional de Seguridad P\u00fablica desde la formaci\u00f3n policial, actualizaci\u00f3n y especializaci\u00f3n en diversas materias como: t\u00e9cnicas y t\u00e1cticas policiales, actualizaci\u00f3n en el Sistema de Justicia Penal, fortalecimiento del actuar policial para el combate al narcomenudeo, fortalecimiento de la prevenci\u00f3n del delito y la investigaci\u00f3n criminal, entre otros, capacit\u00e1ndose a m\u00e1s del 80% del estado de fuerza municipal.<\/p>\n<p style=\"text-align: justify;\">Al respecto, Arce Luna adelant\u00f3 que, como resultado de estas acciones, con apego a la normativa en materia de profesionalizaci\u00f3n policial a nivel estatal y nacional, habr\u00e1n mayores beneficios para el personal policial y sus familias, avanzando en los compromisos realizados, instruyendo la continuidad de m\u00e1s actividades de especializaci\u00f3n para la conformaci\u00f3n de unidades t\u00e9cnicas y t\u00e1cticas dentro de la corporaci\u00f3n policial.<\/p>\n","protected":false},"excerpt":{"rendered":"<p>La presidenta Ana Luc\u00eda Arce Luna destac\u00f3 el apoyo de la Universidad de Seguridad P\u00fablica del Sureste de Chiapas El pasado jueves 23 de abril se llev\u00f3 a cabo la ceremonia de entrega de constancias de las actividades de capacitaci\u00f3n y profesionalizaci\u00f3n policial 2025, as\u00ed como la entrega de Certificados \u00danicos Policiales CUP\u00b4s, a elementos [&hellip;]<\/p>\n","protected":false},"author":3,"featured_media":71508,"comment_status":"open","ping_status":"open","sticky":false,"template":"","format":"standard","meta":{"footnotes":""},"categories":[216,223],"tags":[],"class_list":["post-71507","post","type-post","status-publish","format-standard","has-post-thumbnail","hentry","category-municipios","category-san-pablo-del-monte"],"amp_enabled":true,"_links":{"self":[{"href":"https:\/\/labestiapolitica.com.mx\/index.php?rest_route=\/wp\/v2\/posts\/71507","targetHints":{"allow":["GET"]}}],"collection":[{"href":"https:\/\/labestiapolitica.com.mx\/index.php?rest_route=\/wp\/v2\/posts"}],"about":[{"href":"https:\/\/labestiapolitica.com.mx\/index.php?rest_route=\/wp\/v2\/types\/post"}],"author":[{"embeddable":true,"href":"https:\/\/labestiapolitica.com.mx\/index.php?rest_route=\/wp\/v2\/users\/3"}],"replies":[{"embeddable":true,"href":"https:\/\/labestiapolitica.com.mx\/index.php?rest_route=%2Fwp%2Fv2%2Fcomments&post=71507"}],"version-history":[{"count":1,"href":"https:\/\/labestiapolitica.com.mx\/index.php?rest_route=\/wp\/v2\/posts\/71507\/revisions"}],"predecessor-version":[{"id":71509,"href":"https:\/\/labestiapolitica.com.mx\/index.php?rest_route=\/wp\/v2\/posts\/71507\/revisions\/71509"}],"wp:featuredmedia":[{"embeddable":true,"href":"https:\/\/labestiapolitica.com.mx\/index.php?rest_route=\/wp\/v2\/media\/71508"}],"wp:attachment":[{"href":"https:\/\/labestiapolitica.com.mx\/index.php?rest_route=%2Fwp%2Fv2%2Fmedia&parent=71507"}],"wp:term":[{"taxonomy":"category","embeddable":true,"href":"https:\/\/labestiapolitica.com.mx\/index.php?rest_route=%2Fwp%2Fv2%2Fcategories&post=71507"},{"taxonomy":"post_tag","embeddable":true,"href":"https:\/\/labestiapolitica.com.mx\/index.php?rest_route=%2Fwp%2Fv2%2Ftags&post=71507"}],"curies":[{"name":"wp","href":"https:\/\/api.w.org\/{rel}","templated":true}]}}