{"id":71510,"date":"2026-04-29T14:29:05","date_gmt":"2026-04-29T20:29:05","guid":{"rendered":"https:\/\/labestiapolitica.com.mx\/?p=71510"},"modified":"2026-04-29T14:29:05","modified_gmt":"2026-04-29T20:29:05","slug":"calpulalpan-despide-con-honores-al-periodista-manuel-morales-hernandez","status":"publish","type":"post","link":"https:\/\/labestiapolitica.com.mx\/?p=71510","title":{"rendered":"Calpulalpan despide con honores al periodista Manuel Morales Hern\u00e1ndez."},"content":{"rendered":"<p style=\"text-align: justify;\"><em><strong>Demian M\u00e1rquez<\/strong><\/em> | Entre aplausos, flores y muestras de cari\u00f1o, familiares, amigos, autoridades y representantes del gremio period\u00edstico dieron el \u00faltimo adi\u00f3s a Manuel Morales Hern\u00e1ndez, comunicador originario de Calpulalpan que dej\u00f3 una amplia trayectoria en los medios de Tlaxcala.<\/p>\n<p style=\"text-align: justify;\">Su cuerpo fue recibido en la presidencia municipal, donde se realiz\u00f3 un homenaje p\u00fablico en reconocimiento a su legado profesional y humano.<\/p>\n<p style=\"text-align: justify;\">Durante la ceremonia se record\u00f3 que Morales Hern\u00e1ndez inici\u00f3 su carrera en 1997 como reportero de El Sol de Tlaxcala, medio en el que labor\u00f3 durante 23 a\u00f1os.<\/p>\n<p style=\"text-align: justify;\">En 2020 emprendi\u00f3 un nuevo proyecto al fundar Calpulli Noticias, portal desde el cual continu\u00f3 informando a la ciudadan\u00eda.<\/p>\n<p style=\"text-align: justify;\">En 2024 recibi\u00f3 la presea Miguel N. Lira, m\u00e1ximo reconocimiento al periodismo en la entidad, por su destacada labor social y period\u00edstica.<\/p>\n<p style=\"text-align: justify;\">El presidente municipal destac\u00f3 que Manuel Morales fue un ciudadano ejemplar, comprometido con la verdad y cercano a la gente.<\/p>\n<p style=\"text-align: justify;\">Se\u00f1al\u00f3 que su trabajo ayud\u00f3 a formar nuevas generaciones de reporteros y que su nombre quedar\u00e1 ligado a la historia reciente de Calpulalpan por su constancia, \u00e9tica y vocaci\u00f3n de servicio.<\/p>\n<p style=\"text-align: justify;\">Los momentos m\u00e1s emotivos llegaron con las palabras de sus hijos. Manuel Morales Garc\u00eda expres\u00f3 que su padre les ense\u00f1\u00f3 valores como el respeto, la responsabilidad y el esfuerzo diario.<\/p>\n<p style=\"text-align: justify;\">Afirm\u00f3 que, pese al dolor de la despedida, la familia se siente agradecida por el cari\u00f1o que la poblaci\u00f3n siempre le brind\u00f3.<\/p>\n<p style=\"text-align: justify;\"><img loading=\"lazy\" decoding=\"async\" class=\"size-medium wp-image-71511 alignleft\" src=\"https:\/\/labestiapolitica.com.mx\/wp-content\/uploads\/2026\/04\/WhatsApp-Image-2026-04-29-at-1.59.06-PM-225x300.jpeg\" alt=\"\" width=\"225\" height=\"300\" srcset=\"https:\/\/labestiapolitica.com.mx\/wp-content\/uploads\/2026\/04\/WhatsApp-Image-2026-04-29-at-1.59.06-PM-225x300.jpeg 225w, https:\/\/labestiapolitica.com.mx\/wp-content\/uploads\/2026\/04\/WhatsApp-Image-2026-04-29-at-1.59.06-PM-768x1024.jpeg 768w, https:\/\/labestiapolitica.com.mx\/wp-content\/uploads\/2026\/04\/WhatsApp-Image-2026-04-29-at-1.59.06-PM-1152x1536.jpeg 1152w, https:\/\/labestiapolitica.com.mx\/wp-content\/uploads\/2026\/04\/WhatsApp-Image-2026-04-29-at-1.59.06-PM.jpeg 1200w\" sizes=\"auto, (max-width: 225px) 100vw, 225px\" \/>Por su parte, Susy Morales lo defini\u00f3 como un hombre luchador, orgulloso de sus ra\u00edces y enemigo de las injusticias.<\/p>\n<p style=\"text-align: justify;\">Record\u00f3 que siempre tend\u00eda la mano a quien lo necesitara y que disfrutaba convivir con la gente de su pueblo.<\/p>\n<p style=\"text-align: justify;\">Otro de sus hijos, Emanuel, asegur\u00f3 que su padre fue ejemplo de empat\u00eda y fortaleza, capaz de ayudar incluso en los momentos m\u00e1s dif\u00edciles.<\/p>\n<p style=\"text-align: justify;\">Representantes de organizaciones period\u00edsticas tambi\u00e9n resaltaron su trayectoria y el respeto que gan\u00f3 dentro del gremio.<\/p>\n<p style=\"text-align: justify;\">Coincidieron en que Manuel Morales practic\u00f3 un periodismo de calle, cercano a la poblaci\u00f3n y enfocado en resolver problemas sociales. Incluso se propuso colocar una r\u00e9plica de su presea en la presidencia municipal para preservar su memoria.<\/p>\n<p style=\"text-align: justify;\">Con un minuto de aplausos, Calpulalpan despidi\u00f3 a uno de sus comunicadores m\u00e1s reconocidos.<\/p>\n<p style=\"text-align: justify;\">Aunque su voz se apag\u00f3, colegas y familiares aseguraron que su legado permanecer\u00e1 vivo en cada historia contada y en la confianza que supo construir con la ciudadan\u00eda.<\/p>\n","protected":false},"excerpt":{"rendered":"<p>Demian M\u00e1rquez | Entre aplausos, flores y muestras de cari\u00f1o, familiares, amigos, autoridades y representantes del gremio period\u00edstico dieron el \u00faltimo adi\u00f3s a Manuel Morales Hern\u00e1ndez, comunicador originario de Calpulalpan que dej\u00f3 una amplia trayectoria en los medios de Tlaxcala. Su cuerpo fue recibido en la presidencia municipal, donde se realiz\u00f3 un homenaje p\u00fablico en [&hellip;]<\/p>\n","protected":false},"author":5,"featured_media":71512,"comment_status":"open","ping_status":"open","sticky":false,"template":"","format":"standard","meta":{"footnotes":""},"categories":[3,7],"tags":[],"class_list":["post-71510","post","type-post","status-publish","format-standard","has-post-thumbnail","hentry","category-8-columnas","category-ciudadanos"],"amp_enabled":true,"_links":{"self":[{"href":"https:\/\/labestiapolitica.com.mx\/index.php?rest_route=\/wp\/v2\/posts\/71510","targetHints":{"allow":["GET"]}}],"collection":[{"href":"https:\/\/labestiapolitica.com.mx\/index.php?rest_route=\/wp\/v2\/posts"}],"about":[{"href":"https:\/\/labestiapolitica.com.mx\/index.php?rest_route=\/wp\/v2\/types\/post"}],"author":[{"embeddable":true,"href":"https:\/\/labestiapolitica.com.mx\/index.php?rest_route=\/wp\/v2\/users\/5"}],"replies":[{"embeddable":true,"href":"https:\/\/labestiapolitica.com.mx\/index.php?rest_route=%2Fwp%2Fv2%2Fcomments&post=71510"}],"version-history":[{"count":1,"href":"https:\/\/labestiapolitica.com.mx\/index.php?rest_route=\/wp\/v2\/posts\/71510\/revisions"}],"predecessor-version":[{"id":71513,"href":"https:\/\/labestiapolitica.com.mx\/index.php?rest_route=\/wp\/v2\/posts\/71510\/revisions\/71513"}],"wp:featuredmedia":[{"embeddable":true,"href":"https:\/\/labestiapolitica.com.mx\/index.php?rest_route=\/wp\/v2\/media\/71512"}],"wp:attachment":[{"href":"https:\/\/labestiapolitica.com.mx\/index.php?rest_route=%2Fwp%2Fv2%2Fmedia&parent=71510"}],"wp:term":[{"taxonomy":"category","embeddable":true,"href":"https:\/\/labestiapolitica.com.mx\/index.php?rest_route=%2Fwp%2Fv2%2Fcategories&post=71510"},{"taxonomy":"post_tag","embeddable":true,"href":"https:\/\/labestiapolitica.com.mx\/index.php?rest_route=%2Fwp%2Fv2%2Ftags&post=71510"}],"curies":[{"name":"wp","href":"https:\/\/api.w.org\/{rel}","templated":true}]}}