{"id":71514,"date":"2026-04-29T14:36:18","date_gmt":"2026-04-29T20:36:18","guid":{"rendered":"https:\/\/labestiapolitica.com.mx\/?p=71514"},"modified":"2026-04-29T14:36:18","modified_gmt":"2026-04-29T20:36:18","slug":"oscar-flores-no-se-baja-simplemente-no-es-tiempo","status":"publish","type":"post","link":"https:\/\/labestiapolitica.com.mx\/?p=71514","title":{"rendered":"\u00d3scar Flores no se baja: simplemente no es tiempo."},"content":{"rendered":"<p style=\"text-align: justify;\"><em><strong>Por Manuel Mart\u00ednez <\/strong><\/em><\/p>\n<p style=\"text-align: justify;\">Una noticia est\u00e1 cimbrando el tablero pol\u00edtico local rumbo a 2027. Ayer, durante una entrevista realizada al t\u00e9rmino de la entrega de las Cuentas P\u00fablicas 2025 del gobierno y organismos auxiliares, el secretario de Finanzas del Estado de M\u00e9xico, \u00d3scar Flores Jim\u00e9nez, declar\u00f3: \u201cTengo una funci\u00f3n p\u00fablica, una responsabilidad y un doble compromiso con la gobernadora por el voto de confianza que me otorg\u00f3; de ah\u00ed no me voy a mover\u201d.<\/p>\n<p style=\"text-align: justify;\">El funcionario fue abordado por la prensa y cuestionado sobre su eventual participaci\u00f3n en la contienda interna de Morena por la candidatura al gobierno de Tlaxcala. Fiel a su estilo institucional, subray\u00f3 de manera categ\u00f3rica: \u201cHoy tengo una encomienda, soy servidor p\u00fablico, tengo una responsabilidad consignada en las leyes y, desde luego, un doble compromiso con la gobernadora Delfina G\u00f3mez \u00c1lvarez y, por ende, con las y los mexiquenses\u201d.<\/p>\n<p style=\"text-align: justify;\">\u201cEstamos en esa postura y no hay ninguna otra situaci\u00f3n que nos mueva en este momento. No hay ninguna aspiraci\u00f3n\u201d, remat\u00f3.<\/p>\n<p style=\"text-align: justify;\">La lectura sensacionalista fue inmediata: que \u00d3scar Flores se baja de la contienda, que le cierra la puerta a la candidatura. Si<\/p>\n<p style=\"text-align: justify;\">n embargo, conviene analizar con cuidado sus palabras para no caer en interpretaciones precipitadas.<br \/>\nVale la pena recordar que tanto la dirigencia nacional de Morena, como la propia presidenta de M\u00e9xico, Claudia Sheinbaum Pardo, han exhortado a los aspirantes a cargos de elecci\u00f3n popular a no adelantar los tiempos, evitar actos de promoci\u00f3n anticipada y, en su caso, renunciar a sus cargos si buscan participar en procesos internos<\/p>\n<p style=\"text-align: justify;\">La realidad es que dichos llamados han sido desestimados en Tlaxcala por la mayor\u00eda de quienes aspiran a contender en las elecciones de 2027. Pero \u00d3scar Flores parece marcar una excepci\u00f3n. Sus declaraciones recientes dan cuenta de ello: lealtad a la gobernadora Delfina G\u00f3mez, compromiso con la presidenta Claudia Sheinbaum y respeto a las reglas del partido.<\/p>\n<p style=\"text-align: justify;\">La postura asumida por \u00d3scar Flores resulta tan inteligente como estrat\u00e9gica. Al evitar protagonismo en un tema que se definir\u00e1 m\u00e1s adelante, impidi\u00f3 que el foco medi\u00e1tico se desviara de lo realmente relevante: que el Gobierno del Estado de M\u00e9xico cumpli\u00f3 en tiempo y forma con la entrega de la Cuenta P\u00fablica al Congreso local, destacando eficiencia en ingresos y finanzas s\u00f3lidas, un resultado que fortalece a la administraci\u00f3n de Delfina G\u00f3mez y demuestra que su secretario de Finanzas est\u00e1 concentrado en su responsabilidad institucional, no distra\u00eddo en c\u00e1lculos pol\u00edticos.<\/p>\n<p style=\"text-align: justify;\">El nerviosismo que estas declaraciones pudieron generar entre sus seguidores en Tlaxcala es un costo menor frente a la decisi\u00f3n de mantenerse disciplinado y alineado con los lineamientos partidistas y las directrices presidenciales. En t\u00e9rminos simples: los tiempos para hablar de aspiraciones est\u00e1n cerca, pero a\u00fan no han llegado.<\/p>\n","protected":false},"excerpt":{"rendered":"<p>Por Manuel Mart\u00ednez Una noticia est\u00e1 cimbrando el tablero pol\u00edtico local rumbo a 2027. Ayer, durante una entrevista realizada al t\u00e9rmino de la entrega de las Cuentas P\u00fablicas 2025 del gobierno y organismos auxiliares, el secretario de Finanzas del Estado de M\u00e9xico, \u00d3scar Flores Jim\u00e9nez, declar\u00f3: \u201cTengo una funci\u00f3n p\u00fablica, una responsabilidad y un doble [&hellip;]<\/p>\n","protected":false},"author":5,"featured_media":71515,"comment_status":"open","ping_status":"open","sticky":false,"template":"","format":"standard","meta":{"footnotes":""},"categories":[3,6],"tags":[],"class_list":["post-71514","post","type-post","status-publish","format-standard","has-post-thumbnail","hentry","category-8-columnas","category-opinion"],"amp_enabled":true,"_links":{"self":[{"href":"https:\/\/labestiapolitica.com.mx\/index.php?rest_route=\/wp\/v2\/posts\/71514","targetHints":{"allow":["GET"]}}],"collection":[{"href":"https:\/\/labestiapolitica.com.mx\/index.php?rest_route=\/wp\/v2\/posts"}],"about":[{"href":"https:\/\/labestiapolitica.com.mx\/index.php?rest_route=\/wp\/v2\/types\/post"}],"author":[{"embeddable":true,"href":"https:\/\/labestiapolitica.com.mx\/index.php?rest_route=\/wp\/v2\/users\/5"}],"replies":[{"embeddable":true,"href":"https:\/\/labestiapolitica.com.mx\/index.php?rest_route=%2Fwp%2Fv2%2Fcomments&post=71514"}],"version-history":[{"count":1,"href":"https:\/\/labestiapolitica.com.mx\/index.php?rest_route=\/wp\/v2\/posts\/71514\/revisions"}],"predecessor-version":[{"id":71516,"href":"https:\/\/labestiapolitica.com.mx\/index.php?rest_route=\/wp\/v2\/posts\/71514\/revisions\/71516"}],"wp:featuredmedia":[{"embeddable":true,"href":"https:\/\/labestiapolitica.com.mx\/index.php?rest_route=\/wp\/v2\/media\/71515"}],"wp:attachment":[{"href":"https:\/\/labestiapolitica.com.mx\/index.php?rest_route=%2Fwp%2Fv2%2Fmedia&parent=71514"}],"wp:term":[{"taxonomy":"category","embeddable":true,"href":"https:\/\/labestiapolitica.com.mx\/index.php?rest_route=%2Fwp%2Fv2%2Fcategories&post=71514"},{"taxonomy":"post_tag","embeddable":true,"href":"https:\/\/labestiapolitica.com.mx\/index.php?rest_route=%2Fwp%2Fv2%2Ftags&post=71514"}],"curies":[{"name":"wp","href":"https:\/\/api.w.org\/{rel}","templated":true}]}}