{"id":71523,"date":"2026-04-29T14:56:18","date_gmt":"2026-04-29T20:56:18","guid":{"rendered":"https:\/\/labestiapolitica.com.mx\/?p=71523"},"modified":"2026-04-29T14:56:18","modified_gmt":"2026-04-29T20:56:18","slug":"participa-direccion-ejecutiva-de-la-ssc-en-el-tapaton-tlaxcala-2026","status":"publish","type":"post","link":"https:\/\/labestiapolitica.com.mx\/?p=71523","title":{"rendered":"Participa Direcci\u00f3n Ejecutiva de la SSC en el \u201cTapat\u00f3n Tlaxcala 2026\u201d."},"content":{"rendered":"<ul>\n<li style=\"text-align: justify;\">La suma de esfuerzos entre las Diferentes Direcciones y Jefaturas de las \u00e1reas Operativas y Administrativas de la SSC, hizo posible este resultado en favor de la ni\u00f1ez<\/li>\n<\/ul>\n<p style=\"text-align: justify;\">La Direcci\u00f3n Ejecutiva de la Secretar\u00eda de Seguridad Ciudadana (SSC) en coordinaci\u00f3n con las diferentes Direcciones y Jefaturas, participaron activamente en el \u201cTapat\u00f3n Tlaxcala 2026\u201d, logrando la entrega de un total de 624 kilogramos de tapitas, como parte de una acci\u00f3n solidaria en beneficio de ni\u00f1as, ni\u00f1os y adolescentes que enfrentan el c\u00e1ncer.<\/p>\n<p style=\"text-align: justify;\">Este importante resultado fue posible gracias a la participaci\u00f3n comprometida de las diferentes \u00e1reas operativas y administrativas de la SSC, quienes se sumaron a esta noble causa, demostrando que la colaboraci\u00f3n institucional puede generar un impacto positivo en la sociedad.<\/p>\n<p style=\"text-align: justify;\">Cabe destacar que esta jornada fue realizada por el Gobierno del Estado a trav\u00e9s del Sistema Estatal para el Desarrollo Integral de la Familia, coordinando y sumando esfuerzos para transformar peque\u00f1as acciones en grandes oportunidades.<\/p>\n<p style=\"text-align: justify;\">El Tapat\u00f3n es una iniciativa que promueve la recolecci\u00f3n de tapitas de pl\u00e1stico, las cuales son recicladas para contribuir tanto al apoyo de tratamientos m\u00e9dicos como al cuidado del medio ambiente, fomentando una cultura de responsabilidad social y sostenibilidad.<\/p>\n<p style=\"text-align: justify;\">Con estas acciones, la Secretar\u00eda de Seguridad Ciudadana contin\u00faa promoviendo la participaci\u00f3n solidaria y el trabajo conjunto para construir una sociedad m\u00e1s emp\u00e1tica, responsable y unida.<\/p>\n","protected":false},"excerpt":{"rendered":"<p>La suma de esfuerzos entre las Diferentes Direcciones y Jefaturas de las \u00e1reas Operativas y Administrativas de la SSC, hizo posible este resultado en favor de la ni\u00f1ez La Direcci\u00f3n Ejecutiva de la Secretar\u00eda de Seguridad Ciudadana (SSC) en coordinaci\u00f3n con las diferentes Direcciones y Jefaturas, participaron activamente en el \u201cTapat\u00f3n Tlaxcala 2026\u201d, logrando la [&hellip;]<\/p>\n","protected":false},"author":5,"featured_media":71524,"comment_status":"open","ping_status":"open","sticky":false,"template":"","format":"standard","meta":{"footnotes":""},"categories":[236,311],"tags":[],"class_list":["post-71523","post","type-post","status-publish","format-standard","has-post-thumbnail","hentry","category-gobierno-de-tlaxcala","category-ssc"],"amp_enabled":true,"_links":{"self":[{"href":"https:\/\/labestiapolitica.com.mx\/index.php?rest_route=\/wp\/v2\/posts\/71523","targetHints":{"allow":["GET"]}}],"collection":[{"href":"https:\/\/labestiapolitica.com.mx\/index.php?rest_route=\/wp\/v2\/posts"}],"about":[{"href":"https:\/\/labestiapolitica.com.mx\/index.php?rest_route=\/wp\/v2\/types\/post"}],"author":[{"embeddable":true,"href":"https:\/\/labestiapolitica.com.mx\/index.php?rest_route=\/wp\/v2\/users\/5"}],"replies":[{"embeddable":true,"href":"https:\/\/labestiapolitica.com.mx\/index.php?rest_route=%2Fwp%2Fv2%2Fcomments&post=71523"}],"version-history":[{"count":1,"href":"https:\/\/labestiapolitica.com.mx\/index.php?rest_route=\/wp\/v2\/posts\/71523\/revisions"}],"predecessor-version":[{"id":71525,"href":"https:\/\/labestiapolitica.com.mx\/index.php?rest_route=\/wp\/v2\/posts\/71523\/revisions\/71525"}],"wp:featuredmedia":[{"embeddable":true,"href":"https:\/\/labestiapolitica.com.mx\/index.php?rest_route=\/wp\/v2\/media\/71524"}],"wp:attachment":[{"href":"https:\/\/labestiapolitica.com.mx\/index.php?rest_route=%2Fwp%2Fv2%2Fmedia&parent=71523"}],"wp:term":[{"taxonomy":"category","embeddable":true,"href":"https:\/\/labestiapolitica.com.mx\/index.php?rest_route=%2Fwp%2Fv2%2Fcategories&post=71523"},{"taxonomy":"post_tag","embeddable":true,"href":"https:\/\/labestiapolitica.com.mx\/index.php?rest_route=%2Fwp%2Fv2%2Ftags&post=71523"}],"curies":[{"name":"wp","href":"https:\/\/api.w.org\/{rel}","templated":true}]}}