{"id":71538,"date":"2026-04-29T15:12:54","date_gmt":"2026-04-29T21:12:54","guid":{"rendered":"https:\/\/labestiapolitica.com.mx\/?p=71538"},"modified":"2026-04-29T15:12:54","modified_gmt":"2026-04-29T21:12:54","slug":"imm-huamantla-realiza-platica-de-prevencion-de-la-violencia-en-la-escuela-secundaria-moises-saenz","status":"publish","type":"post","link":"https:\/\/labestiapolitica.com.mx\/?p=71538","title":{"rendered":"IMM Huamantla realiza pl\u00e1tica de prevenci\u00f3n de la violencia en la Escuela Secundaria Mois\u00e9s S\u00e1enz."},"content":{"rendered":"<p style=\"text-align: justify;\">Con el objetivo de promover la prevenci\u00f3n de la violencia y fortalecer la conciencia social entre las juventudes, el Instituto Municipal de la Mujer (IMM) Huamantla llev\u00f3 a cabo una pl\u00e1tica dirigida a estudiantes de la Escuela Secundaria Mois\u00e9s S\u00e1enz.<\/p>\n<p style=\"text-align: justify;\">La actividad se realiz\u00f3 el pasado 27 de abril y cont\u00f3 con la participaci\u00f3n de 60 alumnas y alumnos, quienes recibieron informaci\u00f3n relacionada con la identificaci\u00f3n, prevenci\u00f3n y atenci\u00f3n de conductas violentas dentro de su entorno social y escolar.<\/p>\n<p style=\"text-align: justify;\">La ponencia estuvo a cargo de Erika Sald\u00edvar, representante de la Secretar\u00eda de las Mujeres, quien comparti\u00f3 herramientas y orientaci\u00f3n enfocadas en fomentar el respeto, la sana convivencia y la importancia de construir relaciones libres de violencia.<\/p>\n<p style=\"text-align: justify;\">Estas acciones forman parte del trabajo coordinado que impulsa el IMM Huamantla para acercar espacios de orientaci\u00f3n y concientizaci\u00f3n a las juventudes, fortaleciendo una cultura de prevenci\u00f3n y participaci\u00f3n informada en la comunidad educativa.<\/p>\n<p style=\"text-align: justify;\">El IMM Huamantla agradece la disposici\u00f3n de la instituci\u00f3n educativa, as\u00ed como la participaci\u00f3n activa de las y los estudiantes durante esta actividad.<\/p>\n","protected":false},"excerpt":{"rendered":"<p>Con el objetivo de promover la prevenci\u00f3n de la violencia y fortalecer la conciencia social entre las juventudes, el Instituto Municipal de la Mujer (IMM) Huamantla llev\u00f3 a cabo una pl\u00e1tica dirigida a estudiantes de la Escuela Secundaria Mois\u00e9s S\u00e1enz. La actividad se realiz\u00f3 el pasado 27 de abril y cont\u00f3 con la participaci\u00f3n de [&hellip;]<\/p>\n","protected":false},"author":5,"featured_media":71539,"comment_status":"open","ping_status":"open","sticky":false,"template":"","format":"standard","meta":{"footnotes":""},"categories":[220,216],"tags":[],"class_list":["post-71538","post","type-post","status-publish","format-standard","has-post-thumbnail","hentry","category-huamantla","category-municipios"],"amp_enabled":true,"_links":{"self":[{"href":"https:\/\/labestiapolitica.com.mx\/index.php?rest_route=\/wp\/v2\/posts\/71538","targetHints":{"allow":["GET"]}}],"collection":[{"href":"https:\/\/labestiapolitica.com.mx\/index.php?rest_route=\/wp\/v2\/posts"}],"about":[{"href":"https:\/\/labestiapolitica.com.mx\/index.php?rest_route=\/wp\/v2\/types\/post"}],"author":[{"embeddable":true,"href":"https:\/\/labestiapolitica.com.mx\/index.php?rest_route=\/wp\/v2\/users\/5"}],"replies":[{"embeddable":true,"href":"https:\/\/labestiapolitica.com.mx\/index.php?rest_route=%2Fwp%2Fv2%2Fcomments&post=71538"}],"version-history":[{"count":1,"href":"https:\/\/labestiapolitica.com.mx\/index.php?rest_route=\/wp\/v2\/posts\/71538\/revisions"}],"predecessor-version":[{"id":71540,"href":"https:\/\/labestiapolitica.com.mx\/index.php?rest_route=\/wp\/v2\/posts\/71538\/revisions\/71540"}],"wp:featuredmedia":[{"embeddable":true,"href":"https:\/\/labestiapolitica.com.mx\/index.php?rest_route=\/wp\/v2\/media\/71539"}],"wp:attachment":[{"href":"https:\/\/labestiapolitica.com.mx\/index.php?rest_route=%2Fwp%2Fv2%2Fmedia&parent=71538"}],"wp:term":[{"taxonomy":"category","embeddable":true,"href":"https:\/\/labestiapolitica.com.mx\/index.php?rest_route=%2Fwp%2Fv2%2Fcategories&post=71538"},{"taxonomy":"post_tag","embeddable":true,"href":"https:\/\/labestiapolitica.com.mx\/index.php?rest_route=%2Fwp%2Fv2%2Ftags&post=71538"}],"curies":[{"name":"wp","href":"https:\/\/api.w.org\/{rel}","templated":true}]}}