{"id":71544,"date":"2026-04-29T15:41:56","date_gmt":"2026-04-29T21:41:56","guid":{"rendered":"https:\/\/labestiapolitica.com.mx\/?p=71544"},"modified":"2026-04-29T15:41:56","modified_gmt":"2026-04-29T21:41:56","slug":"consolida-tlaxcala-liderazgo-nacional-con-polo-de-desarrollo-para-el-bienestar","status":"publish","type":"post","link":"https:\/\/labestiapolitica.com.mx\/?p=71544","title":{"rendered":"Consolida Tlaxcala liderazgo nacional con Polo de Desarrollo para el Bienestar."},"content":{"rendered":"<ul>\n<li style=\"text-align: justify;\">El titular de Sedeco, Javier Marroqu\u00edn Calder\u00f3n, inform\u00f3 que el proyecto ya cuenta con inversi\u00f3n privada, empresas confirmadas y est\u00e1 por iniciar operaciones.<\/li>\n<\/ul>\n<p style=\"text-align: justify;\">El titular de la Secretar\u00eda de Desarrollo Econ\u00f3mico (Sedeco), Javier Marroqu\u00edn Calder\u00f3n, present\u00f3 los avances del Polo de Desarrollo para el Bienestar ubicado en Huamantla, durante el Di\u00e1logo Circular de este mi\u00e9rcoles en la Coordinaci\u00f3n de Comunicaci\u00f3n (CCOM), donde destac\u00f3 que este proyecto posiciona a Tlaxcala como referente nacional en atracci\u00f3n de inversiones.<\/p>\n<p style=\"text-align: justify;\">Explic\u00f3 que este polo forma parte del Plan M\u00e9xico impulsado por el Gobierno federal y que su inauguraci\u00f3n cont\u00f3 con la presencia de la presidenta del pa\u00eds, Claudia Sheinbaum Pardo.<\/p>\n<p style=\"text-align: justify;\">Marroqu\u00edn Calder\u00f3n subray\u00f3 que Tlaxcala logr\u00f3 colocarse como el primer estado en concretar al 100 por ciento la ocupaci\u00f3n inicial del polo, gracias a la coordinaci\u00f3n institucional, \u201ctenemos el 100 por ciento vendido y ya estar ahorita en el inicio de toda la tramitolog\u00eda para poder tener la construcci\u00f3n y el comienzo de las ejecuciones de obra\u201d.<\/p>\n<p style=\"text-align: justify;\">Indic\u00f3 que una de las empresas ya cumpli\u00f3 con todos los requisitos y comenzar\u00e1 trabajos en mayo. \u201cHoy ya tenemos al 100% la primera empresa que cumple con todos los requerimientos y en lo que va del mes de mayo ya podr\u00e1n iniciar los trabajos\u201d, puntualiz\u00f3.<\/p>\n<p style=\"text-align: justify;\">El funcionario resalt\u00f3 que este complejo industrial forma parte de los 14 polos contemplados a nivel nacional, siendo Huamantla el primero en avanzar de manera integral.<\/p>\n<p style=\"text-align: justify;\">Detall\u00f3 que el pol\u00edgono cuenta con 53 hect\u00e1reas y actualmente dispone de servicios como agua, energ\u00eda e internet, adem\u00e1s de avanzar en la construcci\u00f3n de una planta tratadora. \u201cYa contamos con todos los servicios, estamos en la ejecuci\u00f3n de la planta tratadora de agua\u201d, indic\u00f3.<\/p>\n<p style=\"text-align: justify;\">Asimismo, explic\u00f3 que el Plan M\u00e9xico contempla incentivos fiscales para las empresas, como la deducci\u00f3n inmediata del 100 por ciento en activos fijos. \u201cEsto es buen\u00edsimo, as\u00ed poder incentivar a todas las empresas\u201d, coment\u00f3, al agregar que tambi\u00e9n existe un 25 por ciento adicional en capacitaci\u00f3n e innovaci\u00f3n.<\/p>\n<p style=\"text-align: justify;\">En cuanto a los apoyos estatales, destac\u00f3 el acompa\u00f1amiento integral que brinda la Sedeco a inversionistas. \u201cLes damos el acompa\u00f1amiento personalizado para dar agilidad y rapidez a todas sus documentaciones\u201d, dijo, adem\u00e1s de mencionar beneficios como descuentos y facilidades administrativas.<\/p>\n<p style=\"text-align: justify;\">Inform\u00f3 que actualmente se tienen siete empresas confirmadas y tres m\u00e1s en proceso, con una inversi\u00f3n estimada de 540 millones de d\u00f3lares. \u201cVan a poder generar alrededor de 5 mil empleos directos e indirectos\u201d, se\u00f1al\u00f3, destacando tambi\u00e9n la participaci\u00f3n de capital mexicano.<\/p>\n<p style=\"text-align: justify;\">Finalmente, enfatiz\u00f3 que el desarrollo del polo se logr\u00f3 en tiempo r\u00e9cord, al concretarse en solo siete meses.<\/p>\n","protected":false},"excerpt":{"rendered":"<p>El titular de Sedeco, Javier Marroqu\u00edn Calder\u00f3n, inform\u00f3 que el proyecto ya cuenta con inversi\u00f3n privada, empresas confirmadas y est\u00e1 por iniciar operaciones. El titular de la Secretar\u00eda de Desarrollo Econ\u00f3mico (Sedeco), Javier Marroqu\u00edn Calder\u00f3n, present\u00f3 los avances del Polo de Desarrollo para el Bienestar ubicado en Huamantla, durante el Di\u00e1logo Circular de este mi\u00e9rcoles [&hellip;]<\/p>\n","protected":false},"author":5,"featured_media":71545,"comment_status":"open","ping_status":"open","sticky":false,"template":"","format":"standard","meta":{"footnotes":""},"categories":[236],"tags":[],"class_list":["post-71544","post","type-post","status-publish","format-standard","has-post-thumbnail","hentry","category-gobierno-de-tlaxcala"],"amp_enabled":true,"_links":{"self":[{"href":"https:\/\/labestiapolitica.com.mx\/index.php?rest_route=\/wp\/v2\/posts\/71544","targetHints":{"allow":["GET"]}}],"collection":[{"href":"https:\/\/labestiapolitica.com.mx\/index.php?rest_route=\/wp\/v2\/posts"}],"about":[{"href":"https:\/\/labestiapolitica.com.mx\/index.php?rest_route=\/wp\/v2\/types\/post"}],"author":[{"embeddable":true,"href":"https:\/\/labestiapolitica.com.mx\/index.php?rest_route=\/wp\/v2\/users\/5"}],"replies":[{"embeddable":true,"href":"https:\/\/labestiapolitica.com.mx\/index.php?rest_route=%2Fwp%2Fv2%2Fcomments&post=71544"}],"version-history":[{"count":1,"href":"https:\/\/labestiapolitica.com.mx\/index.php?rest_route=\/wp\/v2\/posts\/71544\/revisions"}],"predecessor-version":[{"id":71546,"href":"https:\/\/labestiapolitica.com.mx\/index.php?rest_route=\/wp\/v2\/posts\/71544\/revisions\/71546"}],"wp:featuredmedia":[{"embeddable":true,"href":"https:\/\/labestiapolitica.com.mx\/index.php?rest_route=\/wp\/v2\/media\/71545"}],"wp:attachment":[{"href":"https:\/\/labestiapolitica.com.mx\/index.php?rest_route=%2Fwp%2Fv2%2Fmedia&parent=71544"}],"wp:term":[{"taxonomy":"category","embeddable":true,"href":"https:\/\/labestiapolitica.com.mx\/index.php?rest_route=%2Fwp%2Fv2%2Fcategories&post=71544"},{"taxonomy":"post_tag","embeddable":true,"href":"https:\/\/labestiapolitica.com.mx\/index.php?rest_route=%2Fwp%2Fv2%2Ftags&post=71544"}],"curies":[{"name":"wp","href":"https:\/\/api.w.org\/{rel}","templated":true}]}}