{"id":71547,"date":"2026-04-29T15:43:33","date_gmt":"2026-04-29T21:43:33","guid":{"rendered":"https:\/\/labestiapolitica.com.mx\/?p=71547"},"modified":"2026-04-29T15:43:33","modified_gmt":"2026-04-29T21:43:33","slug":"el-sentido-del-poder-es-servir-a-los-demas-gobernadora-a-integrantes-del-17-parlamento-infantil","status":"publish","type":"post","link":"https:\/\/labestiapolitica.com.mx\/?p=71547","title":{"rendered":"\u201cEl sentido del poder es servir a los dem\u00e1s\u201d: Gobernadora a integrantes del 17\u00b0 Parlamento Infantil."},"content":{"rendered":"<p style=\"text-align: justify;\">Un total de 25 legisladores infantiles participan en un ejercicio que los acerca a la toma de decisiones p\u00fablicas y promueve liderazgo desde temprana edad.<\/p>\n<p style=\"text-align: justify;\">La gobernadora Lorena Cu\u00e9llar Cisneros recibi\u00f3 en Palacio de Gobierno a las 25 ni\u00f1as y ni\u00f1os que integran el D\u00e9cimo S\u00e9ptimo Parlamento Infantil, un ejercicio que acerca a las infancias a la toma de decisiones p\u00fablicas y fortalece la participaci\u00f3n ciudadana en la construcci\u00f3n de propuestas para mejorar su entorno desde temprana edad.<\/p>\n<p style=\"text-align: justify;\">Desde el Sal\u00f3n Rojo, la mandataria estatal invit\u00f3 a las y los legisladores infantiles a entender c\u00f3mo se construyen las leyes para transformar la realidad de sus comunidades.<\/p>\n<p style=\"text-align: justify;\">\u201cQuien aprende a escribir una ley, descubre que tiene en sus manos la posibilidad de borrar la injusticia\u201d, afirm\u00f3.<\/p>\n<p style=\"text-align: justify;\">Cu\u00e9llar Cisneros subray\u00f3 que el poder p\u00fablico no se define por la autoridad, sino por el servicio, y destac\u00f3 que las leyes son herramientas para construir paz y armon\u00eda social.<\/p>\n<p style=\"text-align: justify;\">En ese sentido, convoc\u00f3 a las y los legisladores infantiles a ejercer su voz para defender derechos, promover la igualdad y participar sin miedo en los asuntos que impactan su entorno.<\/p>\n<p style=\"text-align: justify;\">La gobernadora reconoci\u00f3 a quienes integran este Parlamento como una generaci\u00f3n que decidi\u00f3 no ser invisible, al destacar que su participaci\u00f3n responde a una convicci\u00f3n temprana por incidir en su comunidad. \u201cLa edad no define la capacidad de transformar, sino el compromiso con los dem\u00e1s\u201d, enfatiz\u00f3.<\/p>\n<p style=\"text-align: justify;\">En un mensaje, evoc\u00f3 el legado de Tlaxcala como tierra de guerreros y constructores de historia, al se\u00f1alar que las nuevas generaciones son herederas de una tradici\u00f3n de lucha, creatividad y aportaciones culturales que han trascendido fronteras.<\/p>\n<p style=\"text-align: justify;\">\u201cUstedes son la continuaci\u00f3n de esa historia y tienen la responsabilidad de hacer las cosas con excelencia en todo lo que emprendan\u201d, expres\u00f3.<\/p>\n<p style=\"text-align: justify;\">En su intervenci\u00f3n, el diputado H\u00e9ctor Ortiz Ortiz, presidente de la Comisi\u00f3n de Educaci\u00f3n, Cultura, Ciencia y Tecnolog\u00eda, se\u00f1al\u00f3 que este ejercicio funciona como un entrenamiento intelectual que fomenta la autonom\u00eda y pensamiento cr\u00edtico, y adelant\u00f3 que impulsar\u00e1 una iniciativa para crear un fondo dirigido a ni\u00f1as y ni\u00f1os con aptitudes sobresalientes.<\/p>\n<p style=\"text-align: justify;\">A nombre del Parlamento Infantil, Roy Pluma Angulo destac\u00f3 que este tipo de espacios permite a las infancias acercarse al funcionamiento del poder p\u00fablico, opinar con libertad y proponer soluciones a problem\u00e1ticas que identifican en su vida cotidiana.<\/p>\n<p style=\"text-align: justify;\">Durante el evento, la gobernadora entreg\u00f3 reconocimientos y est\u00edmulos a los integrantes del Parlamento Infantil, que se consolida como una iniciativa donde la ni\u00f1ez tlaxcalteca comienza a ejercer ciudadan\u00eda desde el presente, con la certeza de que su voz puede incidir en la construcci\u00f3n de una sociedad m\u00e1s justa.<\/p>\n","protected":false},"excerpt":{"rendered":"<p>Un total de 25 legisladores infantiles participan en un ejercicio que los acerca a la toma de decisiones p\u00fablicas y promueve liderazgo desde temprana edad. La gobernadora Lorena Cu\u00e9llar Cisneros recibi\u00f3 en Palacio de Gobierno a las 25 ni\u00f1as y ni\u00f1os que integran el D\u00e9cimo S\u00e9ptimo Parlamento Infantil, un ejercicio que acerca a las infancias [&hellip;]<\/p>\n","protected":false},"author":5,"featured_media":71548,"comment_status":"open","ping_status":"open","sticky":false,"template":"","format":"standard","meta":{"footnotes":""},"categories":[236],"tags":[],"class_list":["post-71547","post","type-post","status-publish","format-standard","has-post-thumbnail","hentry","category-gobierno-de-tlaxcala"],"amp_enabled":true,"_links":{"self":[{"href":"https:\/\/labestiapolitica.com.mx\/index.php?rest_route=\/wp\/v2\/posts\/71547","targetHints":{"allow":["GET"]}}],"collection":[{"href":"https:\/\/labestiapolitica.com.mx\/index.php?rest_route=\/wp\/v2\/posts"}],"about":[{"href":"https:\/\/labestiapolitica.com.mx\/index.php?rest_route=\/wp\/v2\/types\/post"}],"author":[{"embeddable":true,"href":"https:\/\/labestiapolitica.com.mx\/index.php?rest_route=\/wp\/v2\/users\/5"}],"replies":[{"embeddable":true,"href":"https:\/\/labestiapolitica.com.mx\/index.php?rest_route=%2Fwp%2Fv2%2Fcomments&post=71547"}],"version-history":[{"count":1,"href":"https:\/\/labestiapolitica.com.mx\/index.php?rest_route=\/wp\/v2\/posts\/71547\/revisions"}],"predecessor-version":[{"id":71549,"href":"https:\/\/labestiapolitica.com.mx\/index.php?rest_route=\/wp\/v2\/posts\/71547\/revisions\/71549"}],"wp:featuredmedia":[{"embeddable":true,"href":"https:\/\/labestiapolitica.com.mx\/index.php?rest_route=\/wp\/v2\/media\/71548"}],"wp:attachment":[{"href":"https:\/\/labestiapolitica.com.mx\/index.php?rest_route=%2Fwp%2Fv2%2Fmedia&parent=71547"}],"wp:term":[{"taxonomy":"category","embeddable":true,"href":"https:\/\/labestiapolitica.com.mx\/index.php?rest_route=%2Fwp%2Fv2%2Fcategories&post=71547"},{"taxonomy":"post_tag","embeddable":true,"href":"https:\/\/labestiapolitica.com.mx\/index.php?rest_route=%2Fwp%2Fv2%2Ftags&post=71547"}],"curies":[{"name":"wp","href":"https:\/\/api.w.org\/{rel}","templated":true}]}}