{"id":71550,"date":"2026-04-29T15:47:02","date_gmt":"2026-04-29T21:47:02","guid":{"rendered":"https:\/\/labestiapolitica.com.mx\/?p=71550"},"modified":"2026-04-29T15:47:02","modified_gmt":"2026-04-29T21:47:02","slug":"entrega-congreso-del-estado-cuenta-publica-del-primer-trimestre-de-2026","status":"publish","type":"post","link":"https:\/\/labestiapolitica.com.mx\/?p=71550","title":{"rendered":"Entrega Congreso del Estado cuenta p\u00fablica del primer trimestre de 2026."},"content":{"rendered":"<p style=\"text-align: justify;\">Como lo establece la Ley de Fiscalizaci\u00f3n Superior y Rendici\u00f3n de Cuentas del Estado de Tlaxcala, el diputado Vicente Morales P\u00e9rez, presidente del Comit\u00e9 de Administraci\u00f3n del Congreso del Estado, entreg\u00f3 la cuenta p\u00fablica correspondiente a los meses de enero, febrero y marzo del ejercicio fiscal 2026, ante directoras y directores de las \u00e1reas administrativas del Poder Legislativo.<\/p>\n<p style=\"text-align: justify;\">Durante la entrega, el diputado Vicente Morales se\u00f1al\u00f3 que la comprobaci\u00f3n del gasto se ha realizado en apego a la Ley de Disciplina Financiera de las Entidades Federativas y los Municipios, lo que permite acreditar el uso de los recursos bajo principios de transparencia y responsabilidad. Asimismo, afirm\u00f3 que la LXV Legislatura ha ejercido el presupuesto de manera ordenada y conforme a la normatividad vigente.<\/p>\n<p style=\"text-align: justify;\">Por su parte, el diputado Bladimir Zainos Flores, presidente de la Comisi\u00f3n de Finanzas y Fiscalizaci\u00f3n, destac\u00f3 la importancia de brindar certeza a la ciudadan\u00eda sobre el manejo de los recursos p\u00fablicos, subrayando que el Congreso del Estado cumple con su obligaci\u00f3n de informar de manera clara y oportuna a las y los tlaxcaltecas.<\/p>\n<p style=\"text-align: justify;\">En su intervenci\u00f3n, el secretario administrativo, Gonzalo Gu\u00edzar V\u00e1zquez, reconoci\u00f3 el trabajo coordinado de la Comisi\u00f3n de Finanzas y Fiscalizaci\u00f3n. Finalmente, el secretario t\u00e9cnico de dicha comisi\u00f3n, Adri\u00e1n Morales Luna, recibi\u00f3 formalmente la cuenta p\u00fablica del Poder Legislativo.<\/p>\n","protected":false},"excerpt":{"rendered":"<p>Como lo establece la Ley de Fiscalizaci\u00f3n Superior y Rendici\u00f3n de Cuentas del Estado de Tlaxcala, el diputado Vicente Morales P\u00e9rez, presidente del Comit\u00e9 de Administraci\u00f3n del Congreso del Estado, entreg\u00f3 la cuenta p\u00fablica correspondiente a los meses de enero, febrero y marzo del ejercicio fiscal 2026, ante directoras y directores de las \u00e1reas administrativas [&hellip;]<\/p>\n","protected":false},"author":5,"featured_media":71551,"comment_status":"open","ping_status":"open","sticky":false,"template":"","format":"standard","meta":{"footnotes":""},"categories":[224,247],"tags":[],"class_list":["post-71550","post","type-post","status-publish","format-standard","has-post-thumbnail","hentry","category-congreso-del-estado-de-tlaxcala","category-politica"],"amp_enabled":true,"_links":{"self":[{"href":"https:\/\/labestiapolitica.com.mx\/index.php?rest_route=\/wp\/v2\/posts\/71550","targetHints":{"allow":["GET"]}}],"collection":[{"href":"https:\/\/labestiapolitica.com.mx\/index.php?rest_route=\/wp\/v2\/posts"}],"about":[{"href":"https:\/\/labestiapolitica.com.mx\/index.php?rest_route=\/wp\/v2\/types\/post"}],"author":[{"embeddable":true,"href":"https:\/\/labestiapolitica.com.mx\/index.php?rest_route=\/wp\/v2\/users\/5"}],"replies":[{"embeddable":true,"href":"https:\/\/labestiapolitica.com.mx\/index.php?rest_route=%2Fwp%2Fv2%2Fcomments&post=71550"}],"version-history":[{"count":1,"href":"https:\/\/labestiapolitica.com.mx\/index.php?rest_route=\/wp\/v2\/posts\/71550\/revisions"}],"predecessor-version":[{"id":71552,"href":"https:\/\/labestiapolitica.com.mx\/index.php?rest_route=\/wp\/v2\/posts\/71550\/revisions\/71552"}],"wp:featuredmedia":[{"embeddable":true,"href":"https:\/\/labestiapolitica.com.mx\/index.php?rest_route=\/wp\/v2\/media\/71551"}],"wp:attachment":[{"href":"https:\/\/labestiapolitica.com.mx\/index.php?rest_route=%2Fwp%2Fv2%2Fmedia&parent=71550"}],"wp:term":[{"taxonomy":"category","embeddable":true,"href":"https:\/\/labestiapolitica.com.mx\/index.php?rest_route=%2Fwp%2Fv2%2Fcategories&post=71550"},{"taxonomy":"post_tag","embeddable":true,"href":"https:\/\/labestiapolitica.com.mx\/index.php?rest_route=%2Fwp%2Fv2%2Ftags&post=71550"}],"curies":[{"name":"wp","href":"https:\/\/api.w.org\/{rel}","templated":true}]}}