{"id":71559,"date":"2026-04-29T16:29:17","date_gmt":"2026-04-29T22:29:17","guid":{"rendered":"https:\/\/labestiapolitica.com.mx\/?p=71559"},"modified":"2026-04-29T16:29:17","modified_gmt":"2026-04-29T22:29:17","slug":"apizaco-se-proyecta-como-destino-atractivo-en-el-tianguis-turistico-de-mexico-2026","status":"publish","type":"post","link":"https:\/\/labestiapolitica.com.mx\/?p=71559","title":{"rendered":"Apizaco se proyecta como destino atractivo en el Tianguis Tur\u00edstico de M\u00e9xico 2026."},"content":{"rendered":"<ul>\n<li style=\"text-align: justify;\">Al ser el \u00fanico Barrio M\u00e1gico de Tlaxcala, Apizaco destaca por su identidad, historia y riqueza cultural.<\/li>\n<\/ul>\n<p style=\"text-align: justify;\">Con el objetivo de fortalecer su presencia a nivel nacional y posicionarse como un destino atractivo, el municipio de Apizaco participa en el Tianguis Tur\u00edstico de M\u00e9xico 2026, que se lleva a cabo en Acapulco, Guerrero, uno de los escaparates m\u00e1s importantes del sector tur\u00edstico en el pa\u00eds.<\/p>\n<p style=\"text-align: justify;\">En representaci\u00f3n del Gobierno Municipal, asistieron Ana Laura Lima Meneses, titular de la Direcci\u00f3n de Turismo y Cultura, as\u00ed como la cuarta regidora Adriana Eugenia Ram\u00edrez Franco, quienes promueven la riqueza hist\u00f3rica, cultural y gastron\u00f3mica que distingue a la ciudad rielera.<\/p>\n<p style=\"text-align: justify;\">\u00a0<img loading=\"lazy\" decoding=\"async\" class=\"size-medium wp-image-71563 alignleft\" src=\"https:\/\/labestiapolitica.com.mx\/wp-content\/uploads\/2026\/04\/WhatsApp-Image-2026-04-29-at-2.33.32-PM-300x225.jpeg\" alt=\"\" width=\"300\" height=\"225\" srcset=\"https:\/\/labestiapolitica.com.mx\/wp-content\/uploads\/2026\/04\/WhatsApp-Image-2026-04-29-at-2.33.32-PM-300x225.jpeg 300w, https:\/\/labestiapolitica.com.mx\/wp-content\/uploads\/2026\/04\/WhatsApp-Image-2026-04-29-at-2.33.32-PM-1024x768.jpeg 1024w, https:\/\/labestiapolitica.com.mx\/wp-content\/uploads\/2026\/04\/WhatsApp-Image-2026-04-29-at-2.33.32-PM-768x576.jpeg 768w, https:\/\/labestiapolitica.com.mx\/wp-content\/uploads\/2026\/04\/WhatsApp-Image-2026-04-29-at-2.33.32-PM.jpeg 1280w\" sizes=\"auto, (max-width: 300px) 100vw, 300px\" \/>Durante este importante encuentro, Apizaco se presenta como un destino que se vive con los sentidos, una ciudad que invita a descubrir su esencia a trav\u00e9s de sus calles con historia, sus espacios de encuentro y la calidez de su gente.<\/p>\n<p style=\"text-align: justify;\">El municipio destaca por su reconocimiento como Barrio M\u00e1gico, una distinci\u00f3n que resalta su capacidad de conjugar el desarrollo urbano con la conservaci\u00f3n de su riqueza cultural. En Apizaco conviven la actividad cotidiana, la tradici\u00f3n taurina, la vida comercial y una oferta tur\u00edstica que se fortalece d\u00eda con d\u00eda.<\/p>\n<p style=\"text-align: justify;\">A trav\u00e9s de su participaci\u00f3n en el Tianguis Tur\u00edstico de M\u00e9xico, el Gobierno Municipal reafirma su compromiso por impulsar el turismo como motor de desarrollo, promoviendo a Apizaco como una ciudad viva, en constante crecimiento y con una identidad que la hace \u00fanica en Tlaxcala.<\/p>\n<p style=\"text-align: justify;\">Apizaco abre sus puertas al pa\u00eds y al mundo, con el orgullo de compartir su historia, su cultura y todo aquello que lo convierte en un destino que siempre invita a volver.<\/p>\n","protected":false},"excerpt":{"rendered":"<p>Al ser el \u00fanico Barrio M\u00e1gico de Tlaxcala, Apizaco destaca por su identidad, historia y riqueza cultural. Con el objetivo de fortalecer su presencia a nivel nacional y posicionarse como un destino atractivo, el municipio de Apizaco participa en el Tianguis Tur\u00edstico de M\u00e9xico 2026, que se lleva a cabo en Acapulco, Guerrero, uno de [&hellip;]<\/p>\n","protected":false},"author":5,"featured_media":71562,"comment_status":"open","ping_status":"open","sticky":false,"template":"","format":"standard","meta":{"footnotes":""},"categories":[226,216],"tags":[],"class_list":["post-71559","post","type-post","status-publish","format-standard","has-post-thumbnail","hentry","category-apizaco","category-municipios"],"amp_enabled":true,"_links":{"self":[{"href":"https:\/\/labestiapolitica.com.mx\/index.php?rest_route=\/wp\/v2\/posts\/71559","targetHints":{"allow":["GET"]}}],"collection":[{"href":"https:\/\/labestiapolitica.com.mx\/index.php?rest_route=\/wp\/v2\/posts"}],"about":[{"href":"https:\/\/labestiapolitica.com.mx\/index.php?rest_route=\/wp\/v2\/types\/post"}],"author":[{"embeddable":true,"href":"https:\/\/labestiapolitica.com.mx\/index.php?rest_route=\/wp\/v2\/users\/5"}],"replies":[{"embeddable":true,"href":"https:\/\/labestiapolitica.com.mx\/index.php?rest_route=%2Fwp%2Fv2%2Fcomments&post=71559"}],"version-history":[{"count":1,"href":"https:\/\/labestiapolitica.com.mx\/index.php?rest_route=\/wp\/v2\/posts\/71559\/revisions"}],"predecessor-version":[{"id":71564,"href":"https:\/\/labestiapolitica.com.mx\/index.php?rest_route=\/wp\/v2\/posts\/71559\/revisions\/71564"}],"wp:featuredmedia":[{"embeddable":true,"href":"https:\/\/labestiapolitica.com.mx\/index.php?rest_route=\/wp\/v2\/media\/71562"}],"wp:attachment":[{"href":"https:\/\/labestiapolitica.com.mx\/index.php?rest_route=%2Fwp%2Fv2%2Fmedia&parent=71559"}],"wp:term":[{"taxonomy":"category","embeddable":true,"href":"https:\/\/labestiapolitica.com.mx\/index.php?rest_route=%2Fwp%2Fv2%2Fcategories&post=71559"},{"taxonomy":"post_tag","embeddable":true,"href":"https:\/\/labestiapolitica.com.mx\/index.php?rest_route=%2Fwp%2Fv2%2Ftags&post=71559"}],"curies":[{"name":"wp","href":"https:\/\/api.w.org\/{rel}","templated":true}]}}