{"id":71574,"date":"2026-04-29T16:45:12","date_gmt":"2026-04-29T22:45:12","guid":{"rendered":"https:\/\/labestiapolitica.com.mx\/?p=71574"},"modified":"2026-04-29T16:45:12","modified_gmt":"2026-04-29T22:45:12","slug":"ayuntamiento-de-tlaxcala-dara-continuidad-a-campana-antirrabica-para-mascotas-que-no-fueron-vacunadas-en-marzo","status":"publish","type":"post","link":"https:\/\/labestiapolitica.com.mx\/?p=71574","title":{"rendered":"Ayuntamiento de Tlaxcala dar\u00e1 continuidad a campa\u00f1a antirr\u00e1bica para mascotas que no fueron vacunadas en marzo."},"content":{"rendered":"<p style=\"text-align: justify;\">El Ayuntamiento de Tlaxcala, que preside Alfonso S\u00e1nchez Garc\u00eda, en coordinaci\u00f3n con la Secretar\u00eda de Salud del Estado (SESA), dar\u00e1 continuidad a la Campa\u00f1a de Vacunaci\u00f3n Antirr\u00e1bica para perros y gatos, con el prop\u00f3sito de atender a las mascotas que no recibieron la inmunizaci\u00f3n durante la jornada realizada en marzo pasado.<\/p>\n<p style=\"text-align: justify;\">Esta acci\u00f3n conjunta, encabezada por la Coordinaci\u00f3n Estatal de Epidemiolog\u00eda del Departamento de Zoonosis y el \u00e1rea de Bienestar Animal del municipio, busca fortalecer la prevenci\u00f3n de la rabia y proteger la salud de las familias tlaxcaltecas.<\/p>\n<p style=\"text-align: justify;\">La campa\u00f1a se llevar\u00e1 a cabo del lunes 18 al domingo 31 de mayo del presente a\u00f1o en comunidades y delegaciones del municipio de Tlaxcala. La atenci\u00f3n se brindar\u00e1 en horario matutino de 9:00 a 13:00 horas y en horario vespertino de 14:00 a 17:00 horas, con la finalidad de acercar este servicio gratuito a un mayor n\u00famero de hogares y facilitar que los propietarios puedan cumplir con la vacunaci\u00f3n de sus animales de compa\u00f1\u00eda.<\/p>\n<p style=\"text-align: justify;\">La vacuna antirr\u00e1bica podr\u00e1 aplicarse a perros y gatos a partir del primer mes de nacidos, as\u00ed como a hembras, machos, animales adultos y gestantes, siempre y cuando no presenten alguna enfermedad al momento de la aplicaci\u00f3n.<\/p>\n<p style=\"text-align: justify;\">Asimismo, se exhort\u00f3 a la ciudadan\u00eda a llevar a sus mascotas bajo las medidas adecuadas de seguridad para garantizar una jornada ordenada y segura para todos.<\/p>\n<p style=\"text-align: justify;\">Con esta nueva etapa, el gobierno municipal da seguimiento a una estrategia preventiva que busca ampliar la cobertura de vacunaci\u00f3n en el municipio.<\/p>\n","protected":false},"excerpt":{"rendered":"<p>El Ayuntamiento de Tlaxcala, que preside Alfonso S\u00e1nchez Garc\u00eda, en coordinaci\u00f3n con la Secretar\u00eda de Salud del Estado (SESA), dar\u00e1 continuidad a la Campa\u00f1a de Vacunaci\u00f3n Antirr\u00e1bica para perros y gatos, con el prop\u00f3sito de atender a las mascotas que no recibieron la inmunizaci\u00f3n durante la jornada realizada en marzo pasado. Esta acci\u00f3n conjunta, encabezada [&hellip;]<\/p>\n","protected":false},"author":5,"featured_media":71575,"comment_status":"open","ping_status":"open","sticky":false,"template":"","format":"standard","meta":{"footnotes":""},"categories":[216,214],"tags":[],"class_list":["post-71574","post","type-post","status-publish","format-standard","has-post-thumbnail","hentry","category-municipios","category-tlaxcala-capital"],"amp_enabled":true,"_links":{"self":[{"href":"https:\/\/labestiapolitica.com.mx\/index.php?rest_route=\/wp\/v2\/posts\/71574","targetHints":{"allow":["GET"]}}],"collection":[{"href":"https:\/\/labestiapolitica.com.mx\/index.php?rest_route=\/wp\/v2\/posts"}],"about":[{"href":"https:\/\/labestiapolitica.com.mx\/index.php?rest_route=\/wp\/v2\/types\/post"}],"author":[{"embeddable":true,"href":"https:\/\/labestiapolitica.com.mx\/index.php?rest_route=\/wp\/v2\/users\/5"}],"replies":[{"embeddable":true,"href":"https:\/\/labestiapolitica.com.mx\/index.php?rest_route=%2Fwp%2Fv2%2Fcomments&post=71574"}],"version-history":[{"count":1,"href":"https:\/\/labestiapolitica.com.mx\/index.php?rest_route=\/wp\/v2\/posts\/71574\/revisions"}],"predecessor-version":[{"id":71576,"href":"https:\/\/labestiapolitica.com.mx\/index.php?rest_route=\/wp\/v2\/posts\/71574\/revisions\/71576"}],"wp:featuredmedia":[{"embeddable":true,"href":"https:\/\/labestiapolitica.com.mx\/index.php?rest_route=\/wp\/v2\/media\/71575"}],"wp:attachment":[{"href":"https:\/\/labestiapolitica.com.mx\/index.php?rest_route=%2Fwp%2Fv2%2Fmedia&parent=71574"}],"wp:term":[{"taxonomy":"category","embeddable":true,"href":"https:\/\/labestiapolitica.com.mx\/index.php?rest_route=%2Fwp%2Fv2%2Fcategories&post=71574"},{"taxonomy":"post_tag","embeddable":true,"href":"https:\/\/labestiapolitica.com.mx\/index.php?rest_route=%2Fwp%2Fv2%2Ftags&post=71574"}],"curies":[{"name":"wp","href":"https:\/\/api.w.org\/{rel}","templated":true}]}}