{"id":71577,"date":"2026-04-29T16:49:34","date_gmt":"2026-04-29T22:49:34","guid":{"rendered":"https:\/\/labestiapolitica.com.mx\/?p=71577"},"modified":"2026-04-29T16:49:34","modified_gmt":"2026-04-29T22:49:34","slug":"jose-miguel-acatzi-luna-inicia-entrega-de-juguetes-en-instituciones-educativas-de-zacatelco","status":"publish","type":"post","link":"https:\/\/labestiapolitica.com.mx\/?p=71577","title":{"rendered":"Jos\u00e9 Miguel Acatzi Luna inicia entrega de juguetes en instituciones educativas de Zacatelco."},"content":{"rendered":"<p style=\"text-align: justify;\">En el marco de la celebraci\u00f3n del D\u00eda de la Ni\u00f1a y el Ni\u00f1o, este 30 de abril, el presidente municipal de Zacatelco, Jos\u00e9 Miguel Acatzi Luna, dio inicio a una jornada de entrega de juguetes en diversas instituciones educativas del municipio.<\/p>\n<p>La actividad comenz\u00f3 en la Escuela Primaria \u201cNicanor Serrano\u201d, ubicada en la Cuarta Secci\u00f3n, para posteriormente continuar en la Escuela Primaria \u201cIgnacio Zaragoza\u201d, en la Primera Secci\u00f3n, donde ni\u00f1as y ni\u00f1os recibieron con entusiasmo estos obsequios.<\/p>\n<p>Durante su mensaje, el presidente municipal destac\u00f3 la importancia de la ni\u00f1ez en el desarrollo del municipio:<\/p>\n<p style=\"text-align: justify;\">\u201cLas ni\u00f1as y los ni\u00f1os son lo m\u00e1s valioso que tenemos en Zacatelco. Ver su alegr\u00eda y sus sonrisas nos motiva a seguir trabajando por su ellos\u201d, expres\u00f3.<\/p>\n<p style=\"text-align: justify;\">En cada instituci\u00f3n, el edil fue recibido por comit\u00e9s de padres de familia, as\u00ed como por personal docente, quienes reconocieron la cercan\u00eda y disposici\u00f3n del Gobierno Municipal para ser parte de esta celebraci\u00f3n.<\/p>\n<p style=\"text-align: justify;\">Esta actividad forma parte de una serie de acciones emprendidas por la administraci\u00f3n municipal para conmemorar esta fecha, que incluyeron el festejo masivo realizado el pasado 26 de abril en la explanada municipal, as\u00ed como la celebraci\u00f3n organizada en el Instituto Municipal de Atenci\u00f3n a Personas con Discapacidad con estudiantes del Centro de Atenci\u00f3n M\u00faltiple (CAM) 01, el pasado 28 de abril.<\/p>\n<p style=\"text-align: justify;\">La jornada de entrega de juguetes continuar\u00e1 en distintas escuelas del municipio, con la participaci\u00f3n del Sistema Municipal DIF, reforzando el compromiso de llevar alegr\u00eda a la ni\u00f1ez zacatelquense.<\/p>\n<p style=\"text-align: justify;\">Con estas acciones, el Gobierno Municipal de Zacatelco reafirma su compromiso de promover\u00a0 la inclusi\u00f3n y el desarrollo integral de las ni\u00f1as y los ni\u00f1os.<\/p>\n","protected":false},"excerpt":{"rendered":"<p>En el marco de la celebraci\u00f3n del D\u00eda de la Ni\u00f1a y el Ni\u00f1o, este 30 de abril, el presidente municipal de Zacatelco, Jos\u00e9 Miguel Acatzi Luna, dio inicio a una jornada de entrega de juguetes en diversas instituciones educativas del municipio. La actividad comenz\u00f3 en la Escuela Primaria \u201cNicanor Serrano\u201d, ubicada en la Cuarta [&hellip;]<\/p>\n","protected":false},"author":5,"featured_media":71578,"comment_status":"open","ping_status":"open","sticky":false,"template":"","format":"standard","meta":{"footnotes":""},"categories":[216,217],"tags":[],"class_list":["post-71577","post","type-post","status-publish","format-standard","has-post-thumbnail","hentry","category-municipios","category-zacatelco"],"amp_enabled":true,"_links":{"self":[{"href":"https:\/\/labestiapolitica.com.mx\/index.php?rest_route=\/wp\/v2\/posts\/71577","targetHints":{"allow":["GET"]}}],"collection":[{"href":"https:\/\/labestiapolitica.com.mx\/index.php?rest_route=\/wp\/v2\/posts"}],"about":[{"href":"https:\/\/labestiapolitica.com.mx\/index.php?rest_route=\/wp\/v2\/types\/post"}],"author":[{"embeddable":true,"href":"https:\/\/labestiapolitica.com.mx\/index.php?rest_route=\/wp\/v2\/users\/5"}],"replies":[{"embeddable":true,"href":"https:\/\/labestiapolitica.com.mx\/index.php?rest_route=%2Fwp%2Fv2%2Fcomments&post=71577"}],"version-history":[{"count":1,"href":"https:\/\/labestiapolitica.com.mx\/index.php?rest_route=\/wp\/v2\/posts\/71577\/revisions"}],"predecessor-version":[{"id":71579,"href":"https:\/\/labestiapolitica.com.mx\/index.php?rest_route=\/wp\/v2\/posts\/71577\/revisions\/71579"}],"wp:featuredmedia":[{"embeddable":true,"href":"https:\/\/labestiapolitica.com.mx\/index.php?rest_route=\/wp\/v2\/media\/71578"}],"wp:attachment":[{"href":"https:\/\/labestiapolitica.com.mx\/index.php?rest_route=%2Fwp%2Fv2%2Fmedia&parent=71577"}],"wp:term":[{"taxonomy":"category","embeddable":true,"href":"https:\/\/labestiapolitica.com.mx\/index.php?rest_route=%2Fwp%2Fv2%2Fcategories&post=71577"},{"taxonomy":"post_tag","embeddable":true,"href":"https:\/\/labestiapolitica.com.mx\/index.php?rest_route=%2Fwp%2Fv2%2Ftags&post=71577"}],"curies":[{"name":"wp","href":"https:\/\/api.w.org\/{rel}","templated":true}]}}